{"id":2680,"date":"2018-07-19T08:00:46","date_gmt":"2018-07-19T12:00:46","guid":{"rendered":"https:\/\/venfort.com\/?p=672"},"modified":"2018-07-19T08:00:46","modified_gmt":"2018-07-19T12:00:46","slug":"gurtel-censure-motion-case","status":"publish","type":"post","link":"https:\/\/venfort.com\/en\/gurtel-caso-mocion-censura\/","title":{"rendered":"G\u00fcrtel, a pioneer case in Spain"},"content":{"rendered":"<blockquote><p>In May 2018, the Spanish Popular Party (PP) became the first political organization to be convicted of corruption in the European country. The National Court issued its verdict against the largest corruption case in times of democracy in Spain, proving the guilt of three businessmen: Francisco Correa, leader of the PP; Pablo Crespo, former secretary general of the PP; and \u00c1lvaro P\u00e9rez.<\/p><\/blockquote>\n<p><strong>The highest sentence was received by Francisco Correa<\/strong>whose surname was used to name the G\u00fcrtel case (by translating the word Correa into German), and who will serve 51 years and 11 months in prison. However, sentences were imposed on at least 34 people involved for various crimes such as fraud, embezzlement, misappropriation of funds, false documentation, illicit association, money laundering, influence peddling, misappropriation, among others.<\/p>\n<p><strong>The result of the investigations initiated in 2007 led to the dismissal of President Mariano Rajoy.<\/strong>. The G\u00fcrtel case is about the crime of corruption on a large scale, as a network of companies obtained contracts on behalf of the PP throughout Spain. To achieve this, it bribed public officials with decision-making power over these contracts. Frequently, part of the economic resources obtained were used to finance political and electoral campaigns in favor of the party.<\/p>\n<h2>G\u00fcrtel came to light<\/h2>\n<p><strong>The case began to be investigated in 2007 when a former PP councilman, Jos\u00e9 Luis Pe\u00f1as<\/strong>The company denounced what happened and presented as evidence 18 hours of recordings of conversations between the leaders of the corruption network.<\/p>\n<p><strong>The evidence was studied by Judge Baltazar Garz\u00f3n.<\/strong>who determined that the group of companies investigated (23 in total) was feeding from public funds of the communities high amounts of money to obtain contracts, events and activities with large margins of money.<\/p>\n<p><strong>Following the order issued by Judge Garz\u00f3n, the criminal responsibilities of the defendants were determined.<\/strong> At least 300 people testified at the hearing, including Mariano Rajoy in his capacity as president.<\/p>\n<p><strong>The PP was also convicted as a participant in a lucrative capacity<\/strong> 245,000 euros. This sentence made it the first political party in Spain to be accused of corruption.<\/p>\n<p><strong>The G\u00fcrtel case scandal was a shadow that closely followed Rajoy's government<\/strong>. During the first investigations, the Spanish president did not acknowledge the existence of a corruption network, even assuring that these were isolated cases, according to statements reported in a BBC article. However, the content of the verdict of the central trial of the case <a href=\"https:\/\/venfort.com\/en\/motion-of-censure-dismissal\/\">led to the motion of censure<\/a> The first of the four cases filed in Spanish history to become effective.<\/p>\n<p><strong>Sources consulted<\/strong><\/p>\n<ul>\n<li><a href=\"https:\/\/www.20minutos.es\/noticia\/450095\/0\/corrupcion\/pp\/garzon\/\" target=\"_blank\" rel=\"noopener\">20minutos.es<\/a><\/li>\n<li><a href=\"https:\/\/elpais.com\/especiales\/caso-gurtel\/cronologia\/\" target=\"_blank\" rel=\"noopener\">elpais.com<\/a><\/li>\n<li><a href=\"https:\/\/www.infobae.com\/america\/mundo\/2018\/06\/01\/que-es-el-caso-gurtel-el-escandalo-de-corrupcion-que-le-costo-la-presidencia-a-mariano-rajoy\/\" target=\"_blank\" rel=\"noopener\">infobae.com<\/a><\/li>\n<li><a href=\"https:\/\/www.bbc.com\/mundo\/noticias-internacional-44337117\" target=\"_blank\" rel=\"noopener\">bbc.com<\/a><\/li>\n<\/ul>","protected":false},"excerpt":{"rendered":"<p>En mayo de 2018 el Partido Popular (PP) espa\u00f1ol se convirti\u00f3 en la primera organizaci\u00f3n pol\u00edtica condenada por corrupci\u00f3n en el pa\u00eds europeo. La Audiencia Nacional emiti\u00f3 su veredicto frente al caso de corrupci\u00f3n m\u00e1s grande en tiempos de democracia en Espa\u00f1a, demostrando la culpabilidad de tres empresarios: Francisco Correa, l\u00edder del PP; Pablo Crespo, [&hellip;]<\/p>\n","protected":false},"author":1,"featured_media":2681,"comment_status":"closed","ping_status":"open","sticky":false,"template":"","format":"standard","meta":{"inline_featured_image":false,"ocean_post_layout":"","ocean_both_sidebars_style":"","ocean_both_sidebars_content_width":0,"ocean_both_sidebars_sidebars_width":0,"ocean_sidebar":"","ocean_second_sidebar":"","ocean_disable_margins":"enable","ocean_add_body_class":"","ocean_shortcode_before_top_bar":"","ocean_shortcode_after_top_bar":"","ocean_shortcode_before_header":"","ocean_shortcode_after_header":"","ocean_has_shortcode":"","ocean_shortcode_after_title":"","ocean_shortcode_before_footer_widgets":"","ocean_shortcode_after_footer_widgets":"","ocean_shortcode_before_footer_bottom":"","ocean_shortcode_after_footer_bottom":"","ocean_display_top_bar":"default","ocean_display_header":"default","ocean_header_style":"","ocean_center_header_left_menu":"","ocean_custom_header_template":"","ocean_custom_logo":0,"ocean_custom_retina_logo":0,"ocean_custom_logo_max_width":0,"ocean_custom_logo_tablet_max_width":0,"ocean_custom_logo_mobile_max_width":0,"ocean_custom_logo_max_height":0,"ocean_custom_logo_tablet_max_height":0,"ocean_custom_logo_mobile_max_height":0,"ocean_header_custom_menu":"","ocean_menu_typo_font_family":"","ocean_menu_typo_font_subset":"","ocean_menu_typo_font_size":0,"ocean_menu_typo_font_size_tablet":0,"ocean_menu_typo_font_size_mobile":0,"ocean_menu_typo_font_size_unit":"px","ocean_menu_typo_font_weight":"","ocean_menu_typo_font_weight_tablet":"","ocean_menu_typo_font_weight_mobile":"","ocean_menu_typo_transform":"","ocean_menu_typo_transform_tablet":"","ocean_menu_typo_transform_mobile":"","ocean_menu_typo_line_height":0,"ocean_menu_typo_line_height_tablet":0,"ocean_menu_typo_line_height_mobile":0,"ocean_menu_typo_line_height_unit":"","ocean_menu_typo_spacing":0,"ocean_menu_typo_spacing_tablet":0,"ocean_menu_typo_spacing_mobile":0,"ocean_menu_typo_spacing_unit":"","ocean_menu_link_color":"","ocean_menu_link_color_hover":"","ocean_menu_link_color_active":"","ocean_menu_link_background":"","ocean_menu_link_hover_background":"","ocean_menu_link_active_background":"","ocean_menu_social_links_bg":"","ocean_menu_social_hover_links_bg":"","ocean_menu_social_links_color":"","ocean_menu_social_hover_links_color":"","ocean_disable_title":"default","ocean_disable_heading":"default","ocean_post_title":"","ocean_post_subheading":"","ocean_post_title_style":"","ocean_post_title_background_color":"","ocean_post_title_background":0,"ocean_post_title_bg_image_position":"","ocean_post_title_bg_image_attachment":"","ocean_post_title_bg_image_repeat":"","ocean_post_title_bg_image_size":"","ocean_post_title_height":0,"ocean_post_title_bg_overlay":0.5,"ocean_post_title_bg_overlay_color":"","ocean_disable_breadcrumbs":"default","ocean_breadcrumbs_color":"","ocean_breadcrumbs_separator_color":"","ocean_breadcrumbs_links_color":"","ocean_breadcrumbs_links_hover_color":"","ocean_display_footer_widgets":"default","ocean_display_footer_bottom":"default","ocean_custom_footer_template":"","omw_enable_modal_window":"enable","ocean_post_oembed":"","ocean_post_self_hosted_media":"","ocean_post_video_embed":"","ocean_link_format":"","ocean_link_format_target":"self","ocean_quote_format":"","ocean_quote_format_link":"post","ocean_gallery_link_images":"on","ocean_gallery_id":[],"footnotes":""},"categories":[23],"tags":[399,237,397],"class_list":["post-2680","post","type-post","status-publish","format-standard","has-post-thumbnail","hentry","category-formacion-legal","tag-caso-gurtel","tag-delito-de-corrupcion","tag-mocion-de-censura","entry","has-media"],"yoast_head":"<!-- This site is optimized with the Yoast SEO plugin v27.4 - https:\/\/yoast.com\/product\/yoast-seo-wordpress\/ -->\n<title>G\u00fcrtel, un caso pionero en Espa\u00f1a que propici\u00f3 la moci\u00f3n de censura<\/title>\n<meta name=\"description\" content=\"\u00bfPor qu\u00e9 se produjo la moci\u00f3n de censura contra el gobierno de Mariano Rajoy? En este art\u00edculo vemos el caso G\u00fcrtel.\" \/>\n<meta name=\"robots\" content=\"index, follow, max-snippet:-1, max-image-preview:large, max-video-preview:-1\" \/>\n<link rel=\"canonical\" href=\"https:\/\/venfort.com\/en\/gurtel-censure-motion-case\/\" \/>\n<meta property=\"og:locale\" content=\"en_US\" \/>\n<meta property=\"og:type\" content=\"article\" \/>\n<meta property=\"og:title\" content=\"G\u00fcrtel, un caso pionero en Espa\u00f1a que propici\u00f3 la moci\u00f3n de censura\" \/>\n<meta property=\"og:description\" content=\"\u00bfPor qu\u00e9 se produjo la moci\u00f3n de censura contra el gobierno de Mariano Rajoy? En este art\u00edculo vemos el caso G\u00fcrtel.\" \/>\n<meta property=\"og:url\" content=\"https:\/\/venfort.com\/en\/gurtel-censure-motion-case\/\" \/>\n<meta property=\"og:site_name\" content=\"Venfort\" \/>\n<meta property=\"article:publisher\" content=\"https:\/\/www.facebook.com\/venfortyabogados\" \/>\n<meta property=\"article:published_time\" content=\"2018-07-19T12:00:46+00:00\" \/>\n<meta property=\"og:image\" content=\"https:\/\/venfort.com\/wp-content\/uploads\/2018\/07\/caso-gurtel.jpg\" \/>\n\t<meta property=\"og:image:width\" content=\"1024\" \/>\n\t<meta property=\"og:image:height\" content=\"688\" \/>\n\t<meta property=\"og:image:type\" content=\"image\/jpeg\" \/>\n<meta name=\"author\" content=\"VENFORT\" \/>\n<meta name=\"twitter:card\" content=\"summary_large_image\" \/>\n<meta name=\"twitter:creator\" content=\"@Venfortabogados\" \/>\n<meta name=\"twitter:site\" content=\"@Venfortabogados\" \/>\n<meta name=\"twitter:label1\" content=\"Written by\" \/>\n\t<meta name=\"twitter:data1\" content=\"VENFORT\" \/>\n\t<meta name=\"twitter:label2\" content=\"Est. reading time\" \/>\n\t<meta name=\"twitter:data2\" content=\"2 minutes\" \/>\n<script type=\"application\/ld+json\" class=\"yoast-schema-graph\">{\"@context\":\"https:\\\/\\\/schema.org\",\"@graph\":[{\"@type\":\"Article\",\"@id\":\"https:\\\/\\\/venfort.com\\\/gurtel-caso-mocion-censura\\\/#article\",\"isPartOf\":{\"@id\":\"https:\\\/\\\/venfort.com\\\/gurtel-caso-mocion-censura\\\/\"},\"author\":{\"name\":\"VENFORT\",\"@id\":\"https:\\\/\\\/venfort.com\\\/#\\\/schema\\\/person\\\/6c0e1de9015eb56bbbf307df50c9872e\"},\"headline\":\"G\u00fcrtel, un caso pionero en Espa\u00f1a\",\"datePublished\":\"2018-07-19T12:00:46+00:00\",\"mainEntityOfPage\":{\"@id\":\"https:\\\/\\\/venfort.com\\\/gurtel-caso-mocion-censura\\\/\"},\"wordCount\":507,\"publisher\":{\"@id\":\"https:\\\/\\\/venfort.com\\\/#organization\"},\"image\":{\"@id\":\"https:\\\/\\\/venfort.com\\\/gurtel-caso-mocion-censura\\\/#primaryimage\"},\"thumbnailUrl\":\"https:\\\/\\\/venfort.com\\\/wp-content\\\/uploads\\\/2018\\\/07\\\/caso-gurtel.jpg\",\"keywords\":[\"Caso G\u00fcrtel\",\"delito de corrupci\u00f3n\",\"moci\u00f3n de censura\"],\"articleSection\":[\"Formaci\u00f3n legal\"],\"inLanguage\":\"en-US\"},{\"@type\":\"WebPage\",\"@id\":\"https:\\\/\\\/venfort.com\\\/gurtel-caso-mocion-censura\\\/\",\"url\":\"https:\\\/\\\/venfort.com\\\/gurtel-caso-mocion-censura\\\/\",\"name\":\"G\u00fcrtel, un caso pionero en Espa\u00f1a que propici\u00f3 la moci\u00f3n de censura\",\"isPartOf\":{\"@id\":\"https:\\\/\\\/venfort.com\\\/#website\"},\"primaryImageOfPage\":{\"@id\":\"https:\\\/\\\/venfort.com\\\/gurtel-caso-mocion-censura\\\/#primaryimage\"},\"image\":{\"@id\":\"https:\\\/\\\/venfort.com\\\/gurtel-caso-mocion-censura\\\/#primaryimage\"},\"thumbnailUrl\":\"https:\\\/\\\/venfort.com\\\/wp-content\\\/uploads\\\/2018\\\/07\\\/caso-gurtel.jpg\",\"datePublished\":\"2018-07-19T12:00:46+00:00\",\"description\":\"\u00bfPor qu\u00e9 se produjo la moci\u00f3n de censura contra el gobierno de Mariano Rajoy? En este art\u00edculo vemos el caso G\u00fcrtel.\",\"breadcrumb\":{\"@id\":\"https:\\\/\\\/venfort.com\\\/gurtel-caso-mocion-censura\\\/#breadcrumb\"},\"inLanguage\":\"en-US\",\"potentialAction\":[{\"@type\":\"ReadAction\",\"target\":[\"https:\\\/\\\/venfort.com\\\/gurtel-caso-mocion-censura\\\/\"]}]},{\"@type\":\"ImageObject\",\"inLanguage\":\"en-US\",\"@id\":\"https:\\\/\\\/venfort.com\\\/gurtel-caso-mocion-censura\\\/#primaryimage\",\"url\":\"https:\\\/\\\/venfort.com\\\/wp-content\\\/uploads\\\/2018\\\/07\\\/caso-gurtel.jpg\",\"contentUrl\":\"https:\\\/\\\/venfort.com\\\/wp-content\\\/uploads\\\/2018\\\/07\\\/caso-gurtel.jpg\",\"width\":1024,\"height\":688},{\"@type\":\"BreadcrumbList\",\"@id\":\"https:\\\/\\\/venfort.com\\\/gurtel-caso-mocion-censura\\\/#breadcrumb\",\"itemListElement\":[{\"@type\":\"ListItem\",\"position\":1,\"name\":\"Portada\",\"item\":\"https:\\\/\\\/venfort.com\\\/\"},{\"@type\":\"ListItem\",\"position\":2,\"name\":\"G\u00fcrtel, un caso pionero en Espa\u00f1a\"}]},{\"@type\":\"WebSite\",\"@id\":\"https:\\\/\\\/venfort.com\\\/#website\",\"url\":\"https:\\\/\\\/venfort.com\\\/\",\"name\":\"Venfort\",\"description\":\"Firma de Abogados | Derecho Penal Econ\u00f3mico, Derecho Penal Internacional, Derecho de Empresas, Derecho Financiero, Derecho Administrativo, Derecho Civil y Sucesiones Internacionales\",\"publisher\":{\"@id\":\"https:\\\/\\\/venfort.com\\\/#organization\"},\"alternateName\":\"VENFORT\",\"potentialAction\":[{\"@type\":\"SearchAction\",\"target\":{\"@type\":\"EntryPoint\",\"urlTemplate\":\"https:\\\/\\\/venfort.com\\\/?s={search_term_string}\"},\"query-input\":{\"@type\":\"PropertyValueSpecification\",\"valueRequired\":true,\"valueName\":\"search_term_string\"}}],\"inLanguage\":\"en-US\"},{\"@type\":\"Organization\",\"@id\":\"https:\\\/\\\/venfort.com\\\/#organization\",\"name\":\"Venfort Abogados\",\"alternateName\":\"VENFORT\",\"url\":\"https:\\\/\\\/venfort.com\\\/\",\"logo\":{\"@type\":\"ImageObject\",\"inLanguage\":\"en-US\",\"@id\":\"https:\\\/\\\/venfort.com\\\/#\\\/schema\\\/logo\\\/image\\\/\",\"url\":\"https:\\\/\\\/venfort.com\\\/wp-content\\\/uploads\\\/2026\\\/03\\\/Logo_Venfort_Horizontal_Color.png\",\"contentUrl\":\"https:\\\/\\\/venfort.com\\\/wp-content\\\/uploads\\\/2026\\\/03\\\/Logo_Venfort_Horizontal_Color.png\",\"width\":1000,\"height\":237,\"caption\":\"Venfort Abogados\"},\"image\":{\"@id\":\"https:\\\/\\\/venfort.com\\\/#\\\/schema\\\/logo\\\/image\\\/\"},\"sameAs\":[\"https:\\\/\\\/www.facebook.com\\\/venfortyabogados\",\"https:\\\/\\\/x.com\\\/Venfortabogados\",\"https:\\\/\\\/www.linkedin.com\\\/company\\\/venfort-aldana-abogados\",\"https:\\\/\\\/www.instagram.com\\\/venfortabogados\"]},{\"@type\":\"Person\",\"@id\":\"https:\\\/\\\/venfort.com\\\/#\\\/schema\\\/person\\\/6c0e1de9015eb56bbbf307df50c9872e\",\"name\":\"VENFORT\",\"image\":{\"@type\":\"ImageObject\",\"inLanguage\":\"en-US\",\"@id\":\"https:\\\/\\\/secure.gravatar.com\\\/avatar\\\/4d96769bd368e8f15c4aec9dce5b759ea0d3a49ad69242757e358a4ec75eba02?s=96&d=mm&r=g\",\"url\":\"https:\\\/\\\/secure.gravatar.com\\\/avatar\\\/4d96769bd368e8f15c4aec9dce5b759ea0d3a49ad69242757e358a4ec75eba02?s=96&d=mm&r=g\",\"contentUrl\":\"https:\\\/\\\/secure.gravatar.com\\\/avatar\\\/4d96769bd368e8f15c4aec9dce5b759ea0d3a49ad69242757e358a4ec75eba02?s=96&d=mm&r=g\",\"caption\":\"VENFORT\"},\"url\":\"https:\\\/\\\/venfort.com\\\/en\\\/author\\\/venfortadmin\\\/\"}]}<\/script>\n<!-- \/ Yoast SEO plugin. -->","yoast_head_json":{"title":"G\u00fcrtel, a pioneering case in Spain that led to the motion of censure","description":"Why did the motion of censure against Mariano Rajoy's government take place? In this article we look at the G\u00fcrtel case.","robots":{"index":"index","follow":"follow","max-snippet":"max-snippet:-1","max-image-preview":"max-image-preview:large","max-video-preview":"max-video-preview:-1"},"canonical":"https:\/\/venfort.com\/en\/gurtel-censure-motion-case\/","og_locale":"en_US","og_type":"article","og_title":"G\u00fcrtel, un caso pionero en Espa\u00f1a que propici\u00f3 la moci\u00f3n de censura","og_description":"\u00bfPor qu\u00e9 se produjo la moci\u00f3n de censura contra el gobierno de Mariano Rajoy? En este art\u00edculo vemos el caso G\u00fcrtel.","og_url":"https:\/\/venfort.com\/en\/gurtel-censure-motion-case\/","og_site_name":"Venfort","article_publisher":"https:\/\/www.facebook.com\/venfortyabogados","article_published_time":"2018-07-19T12:00:46+00:00","og_image":[{"width":1024,"height":688,"url":"https:\/\/venfort.com\/wp-content\/uploads\/2018\/07\/caso-gurtel.jpg","type":"image\/jpeg"}],"author":"VENFORT","twitter_card":"summary_large_image","twitter_creator":"@Venfortabogados","twitter_site":"@Venfortabogados","twitter_misc":{"Written by":"VENFORT","Est. reading time":"2 minutes"},"schema":{"@context":"https:\/\/schema.org","@graph":[{"@type":"Article","@id":"https:\/\/venfort.com\/gurtel-caso-mocion-censura\/#article","isPartOf":{"@id":"https:\/\/venfort.com\/gurtel-caso-mocion-censura\/"},"author":{"name":"VENFORT","@id":"https:\/\/venfort.com\/#\/schema\/person\/6c0e1de9015eb56bbbf307df50c9872e"},"headline":"G\u00fcrtel, un caso pionero en Espa\u00f1a","datePublished":"2018-07-19T12:00:46+00:00","mainEntityOfPage":{"@id":"https:\/\/venfort.com\/gurtel-caso-mocion-censura\/"},"wordCount":507,"publisher":{"@id":"https:\/\/venfort.com\/#organization"},"image":{"@id":"https:\/\/venfort.com\/gurtel-caso-mocion-censura\/#primaryimage"},"thumbnailUrl":"https:\/\/venfort.com\/wp-content\/uploads\/2018\/07\/caso-gurtel.jpg","keywords":["Caso G\u00fcrtel","delito de corrupci\u00f3n","moci\u00f3n de censura"],"articleSection":["Formaci\u00f3n legal"],"inLanguage":"en-US"},{"@type":"WebPage","@id":"https:\/\/venfort.com\/gurtel-caso-mocion-censura\/","url":"https:\/\/venfort.com\/gurtel-caso-mocion-censura\/","name":"G\u00fcrtel, a pioneering case in Spain that led to the motion of censure","isPartOf":{"@id":"https:\/\/venfort.com\/#website"},"primaryImageOfPage":{"@id":"https:\/\/venfort.com\/gurtel-caso-mocion-censura\/#primaryimage"},"image":{"@id":"https:\/\/venfort.com\/gurtel-caso-mocion-censura\/#primaryimage"},"thumbnailUrl":"https:\/\/venfort.com\/wp-content\/uploads\/2018\/07\/caso-gurtel.jpg","datePublished":"2018-07-19T12:00:46+00:00","description":"Why did the motion of censure against Mariano Rajoy's government take place? In this article we look at the G\u00fcrtel case.","breadcrumb":{"@id":"https:\/\/venfort.com\/gurtel-caso-mocion-censura\/#breadcrumb"},"inLanguage":"en-US","potentialAction":[{"@type":"ReadAction","target":["https:\/\/venfort.com\/gurtel-caso-mocion-censura\/"]}]},{"@type":"ImageObject","inLanguage":"en-US","@id":"https:\/\/venfort.com\/gurtel-caso-mocion-censura\/#primaryimage","url":"https:\/\/venfort.com\/wp-content\/uploads\/2018\/07\/caso-gurtel.jpg","contentUrl":"https:\/\/venfort.com\/wp-content\/uploads\/2018\/07\/caso-gurtel.jpg","width":1024,"height":688},{"@type":"BreadcrumbList","@id":"https:\/\/venfort.com\/gurtel-caso-mocion-censura\/#breadcrumb","itemListElement":[{"@type":"ListItem","position":1,"name":"Portada","item":"https:\/\/venfort.com\/"},{"@type":"ListItem","position":2,"name":"G\u00fcrtel, un caso pionero en Espa\u00f1a"}]},{"@type":"WebSite","@id":"https:\/\/venfort.com\/#website","url":"https:\/\/venfort.com\/","name":"Venfort","description":"Law Firm : Economic Criminal Law, International Criminal Law, Corporate Law, Financial Law, Administrative Law, Civil Law and International Successions.","publisher":{"@id":"https:\/\/venfort.com\/#organization"},"alternateName":"VENFORT","potentialAction":[{"@type":"SearchAction","target":{"@type":"EntryPoint","urlTemplate":"https:\/\/venfort.com\/?s={search_term_string}"},"query-input":{"@type":"PropertyValueSpecification","valueRequired":true,"valueName":"search_term_string"}}],"inLanguage":"en-US"},{"@type":"Organization","@id":"https:\/\/venfort.com\/#organization","name":"Venfort Lawyers","alternateName":"VENFORT","url":"https:\/\/venfort.com\/","logo":{"@type":"ImageObject","inLanguage":"en-US","@id":"https:\/\/venfort.com\/#\/schema\/logo\/image\/","url":"https:\/\/venfort.com\/wp-content\/uploads\/2026\/03\/Logo_Venfort_Horizontal_Color.png","contentUrl":"https:\/\/venfort.com\/wp-content\/uploads\/2026\/03\/Logo_Venfort_Horizontal_Color.png","width":1000,"height":237,"caption":"Venfort Abogados"},"image":{"@id":"https:\/\/venfort.com\/#\/schema\/logo\/image\/"},"sameAs":["https:\/\/www.facebook.com\/venfortyabogados","https:\/\/x.com\/Venfortabogados","https:\/\/www.linkedin.com\/company\/venfort-aldana-abogados","https:\/\/www.instagram.com\/venfortabogados"]},{"@type":"Person","@id":"https:\/\/venfort.com\/#\/schema\/person\/6c0e1de9015eb56bbbf307df50c9872e","name":"VENFORT","image":{"@type":"ImageObject","inLanguage":"en-US","@id":"https:\/\/secure.gravatar.com\/avatar\/4d96769bd368e8f15c4aec9dce5b759ea0d3a49ad69242757e358a4ec75eba02?s=96&d=mm&r=g","url":"https:\/\/secure.gravatar.com\/avatar\/4d96769bd368e8f15c4aec9dce5b759ea0d3a49ad69242757e358a4ec75eba02?s=96&d=mm&r=g","contentUrl":"https:\/\/secure.gravatar.com\/avatar\/4d96769bd368e8f15c4aec9dce5b759ea0d3a49ad69242757e358a4ec75eba02?s=96&d=mm&r=g","caption":"VENFORT"},"url":"https:\/\/venfort.com\/en\/author\/venfortadmin\/"}]}},"_links":{"self":[{"href":"https:\/\/venfort.com\/en\/wp-json\/wp\/v2\/posts\/2680","targetHints":{"allow":["GET"]}}],"collection":[{"href":"https:\/\/venfort.com\/en\/wp-json\/wp\/v2\/posts"}],"about":[{"href":"https:\/\/venfort.com\/en\/wp-json\/wp\/v2\/types\/post"}],"author":[{"embeddable":true,"href":"https:\/\/venfort.com\/en\/wp-json\/wp\/v2\/users\/1"}],"replies":[{"embeddable":true,"href":"https:\/\/venfort.com\/en\/wp-json\/wp\/v2\/comments?post=2680"}],"version-history":[{"count":0,"href":"https:\/\/venfort.com\/en\/wp-json\/wp\/v2\/posts\/2680\/revisions"}],"wp:featuredmedia":[{"embeddable":true,"href":"https:\/\/venfort.com\/en\/wp-json\/wp\/v2\/media\/2681"}],"wp:attachment":[{"href":"https:\/\/venfort.com\/en\/wp-json\/wp\/v2\/media?parent=2680"}],"wp:term":[{"taxonomy":"category","embeddable":true,"href":"https:\/\/venfort.com\/en\/wp-json\/wp\/v2\/categories?post=2680"},{"taxonomy":"post_tag","embeddable":true,"href":"https:\/\/venfort.com\/en\/wp-json\/wp\/v2\/tags?post=2680"}],"curies":[{"name":"wp","href":"https:\/\/api.w.org\/{rel}","templated":true}]}}