{"id":2694,"date":"2018-06-01T12:25:34","date_gmt":"2018-06-01T16:25:34","guid":{"rendered":"https:\/\/venfort.com\/?p=618"},"modified":"2018-06-01T12:25:34","modified_gmt":"2018-06-01T16:25:34","slug":"gdpr-european-union-data","status":"publish","type":"post","link":"https:\/\/venfort.com\/en\/gdpr-union-europea-datos\/","title":{"rendered":"GDPR: the European Union shields user data protection"},"content":{"rendered":"<blockquote><p>Changes associated with technological advances are usually of great proportions and scope. They require technological adjustments, but also the creation of legal bases to regulate their operation.<\/p><\/blockquote>\n<p>Through the network, many companies have boosted their advertising and marketing campaigns, gaining access to potential customers and their data. Despite the fact that in some areas of the world <a href=\"https:\/\/venfort.com\/en\/us-us-us-us-us-us-us-us-us-us-us-us-us-us-us-us-us-us-us-us-us-us-us-us-us-us-us-us-us-us-us-us-us\/#.WwyfKNLhCig\">this activity has not been regulated<\/a>The European Union was able to do so by protecting the privacy of user data.<\/p>\n<p><a href=\"https:\/\/gdpr-info.eu\/\" target=\"_blank\" rel=\"noopener\">The Data Protection Regulation<\/a> (GDPR) came into force on May 24, 2016 and its task is to establish legal mechanisms for the manipulation of user data on the Internet. The deadline for companies to adapt to the approved legislation expired on May 25 of this year.<\/p>\n<p><strong>The GDPR applies to any company or individual offering goods or services to any citizen of the European Union.<\/strong>The regulation also makes no distinction as to whether or not a business transaction took place between the company and the customer. The regulation also does not distinguish whether a commercial transaction took place between the company and the customer or not. It also applies to those who monitor online behavior in the case of actions carried out in the European Union.<\/p>\n<p><strong>The regulation specifies that its measures protect fundamental rights and freedoms.<\/strong> of European citizens, particularly the guarantee of personal data protection. However, it clarifies that the free movement of personal data is neither restricted nor prohibited.<\/p>\n<h2>GDPR a new protection<\/h2>\n<p><strong>One of the most relevant aspects of the impact of these legal measures are the monetary sanctions<\/strong>20 million, which can range from 4% of the company's total turnover to 20 million euros, depending on which of the two options is higher.<\/p>\n<p><strong>Privacy by design and privacy by default are two novel features of the instrument.<\/strong> The first defends the principle that privacy is best protected when it is integrated by technology, at the time of the creation of products and services; while the second refers to the obligation of companies to apply the necessary technical measures for data protection to be effective and optimal, taking into account that only personal data that is necessary will be handled.<\/p>\n<p><strong>The GDPR imposes the obligation of a consent given by the user for the collection of his personal data.<\/strong>. In this sense, this consent must be explicit, informed and revocable at any time the person wishes. It should be noted that consent must be obtained for each of the collection objectives.<\/p>\n<p><strong>The instrument introduces the right to portability,<\/strong> which refers to users having the power to request their data from one company and give it to another company or individual. This data includes activity logs and a copy can also be requested for the user.<\/p>\n<p><strong>Likewise, the principle of active responsibility was applied to make companies responsible for the handling of user data.<\/strong> This includes the design of specific protocols to address situations where security is at risk. In the event of a security breach, the organization must respond within 72 hours of the event occurring, report it to the corresponding agency and to the affected citizen.<\/p>\n<p>The application of the regulation and the adjustment of the organizations to such instrument is a matter of study for lawyers in the world, as well as a model of experience to be taken into account by other countries.<\/p>\n<p><strong>Sources consulted<\/strong><\/p>\n<ul>\n<li><a href=\"http:\/\/www.avpd.euskadi.eus\/informacion\/reglamento-general-de-proteccion-de-datos\/s04-5273\/es\/\" target=\"_blank\" rel=\"noopener\">www.avpd.euskadi.eus<\/a><\/li>\n<li><a href=\"https:\/\/www.hubspot.es\/data-privacy\/gdpr\" target=\"_blank\" rel=\"noopener\">hubspot.com<\/a><\/li>\n<li><a href=\"https:\/\/www.maunamedia.com\/guia-gdpr-como-afecta-negocio\/#.WwYj1dLhCih\" target=\"_blank\" rel=\"noopener\">MaunaMedia.com<\/a><\/li>\n<li><a href=\"https:\/\/eur-lex.europa.eu\/legal-content\/ES\/TXT\/?uri=uriserv:OJ.L_.2016.119.01.0001.01.SPA&amp;toc=OJ:L:2016:119:TOC\" target=\"_blank\" rel=\"noopener\">eur-lex.europa.eu<\/a><\/li>\n<\/ul>","protected":false},"excerpt":{"rendered":"<p>Los cambios asociados a los avances tecnol\u00f3gicos suelen tener grandes proporciones y alcances. Requieren del ajuste en materia tecnol\u00f3gica, pero tambi\u00e9n de la creaci\u00f3n de bases legales que regulen el funcionamiento. A trav\u00e9s de la red muchas empresas han potenciado sus campa\u00f1as de publicidad y marketing, accediendo al posible cliente y a sus datos. A [&hellip;]<\/p>\n","protected":false},"author":1,"featured_media":2695,"comment_status":"closed","ping_status":"open","sticky":false,"template":"","format":"standard","meta":{"inline_featured_image":false,"ocean_post_layout":"","ocean_both_sidebars_style":"","ocean_both_sidebars_content_width":0,"ocean_both_sidebars_sidebars_width":0,"ocean_sidebar":"","ocean_second_sidebar":"","ocean_disable_margins":"enable","ocean_add_body_class":"","ocean_shortcode_before_top_bar":"","ocean_shortcode_after_top_bar":"","ocean_shortcode_before_header":"","ocean_shortcode_after_header":"","ocean_has_shortcode":"","ocean_shortcode_after_title":"","ocean_shortcode_before_footer_widgets":"","ocean_shortcode_after_footer_widgets":"","ocean_shortcode_before_footer_bottom":"","ocean_shortcode_after_footer_bottom":"","ocean_display_top_bar":"default","ocean_display_header":"default","ocean_header_style":"","ocean_center_header_left_menu":"","ocean_custom_header_template":"","ocean_custom_logo":0,"ocean_custom_retina_logo":0,"ocean_custom_logo_max_width":0,"ocean_custom_logo_tablet_max_width":0,"ocean_custom_logo_mobile_max_width":0,"ocean_custom_logo_max_height":0,"ocean_custom_logo_tablet_max_height":0,"ocean_custom_logo_mobile_max_height":0,"ocean_header_custom_menu":"","ocean_menu_typo_font_family":"","ocean_menu_typo_font_subset":"","ocean_menu_typo_font_size":0,"ocean_menu_typo_font_size_tablet":0,"ocean_menu_typo_font_size_mobile":0,"ocean_menu_typo_font_size_unit":"px","ocean_menu_typo_font_weight":"","ocean_menu_typo_font_weight_tablet":"","ocean_menu_typo_font_weight_mobile":"","ocean_menu_typo_transform":"","ocean_menu_typo_transform_tablet":"","ocean_menu_typo_transform_mobile":"","ocean_menu_typo_line_height":0,"ocean_menu_typo_line_height_tablet":0,"ocean_menu_typo_line_height_mobile":0,"ocean_menu_typo_line_height_unit":"","ocean_menu_typo_spacing":0,"ocean_menu_typo_spacing_tablet":0,"ocean_menu_typo_spacing_mobile":0,"ocean_menu_typo_spacing_unit":"","ocean_menu_link_color":"","ocean_menu_link_color_hover":"","ocean_menu_link_color_active":"","ocean_menu_link_background":"","ocean_menu_link_hover_background":"","ocean_menu_link_active_background":"","ocean_menu_social_links_bg":"","ocean_menu_social_hover_links_bg":"","ocean_menu_social_links_color":"","ocean_menu_social_hover_links_color":"","ocean_disable_title":"default","ocean_disable_heading":"default","ocean_post_title":"","ocean_post_subheading":"","ocean_post_title_style":"","ocean_post_title_background_color":"","ocean_post_title_background":0,"ocean_post_title_bg_image_position":"","ocean_post_title_bg_image_attachment":"","ocean_post_title_bg_image_repeat":"","ocean_post_title_bg_image_size":"","ocean_post_title_height":0,"ocean_post_title_bg_overlay":0.5,"ocean_post_title_bg_overlay_color":"","ocean_disable_breadcrumbs":"default","ocean_breadcrumbs_color":"","ocean_breadcrumbs_separator_color":"","ocean_breadcrumbs_links_color":"","ocean_breadcrumbs_links_hover_color":"","ocean_display_footer_widgets":"default","ocean_display_footer_bottom":"default","ocean_custom_footer_template":"","omw_enable_modal_window":"enable","ocean_post_oembed":"","ocean_post_self_hosted_media":"","ocean_post_video_embed":"","ocean_link_format":"","ocean_link_format_target":"self","ocean_quote_format":"","ocean_quote_format_link":"post","ocean_gallery_link_images":"on","ocean_gallery_id":[],"footnotes":""},"categories":[25],"tags":[401,383,415,385,417],"class_list":["post-2694","post","type-post","status-publish","format-standard","has-post-thumbnail","hentry","category-jurisdiccion-internacional","tag-derecho-a-la-privacidad","tag-gdpr","tag-privacidad","tag-proteccion-de-datos","tag-union-europea","entry","has-media"],"yoast_head":"<!-- This site is optimized with the Yoast SEO plugin v27.4 - https:\/\/yoast.com\/product\/yoast-seo-wordpress\/ -->\n<title>GDPR: la Uni\u00f3n Europea blinda la protecci\u00f3n de datos de los usuarios<\/title>\n<meta name=\"description\" content=\"Compartimos en este art\u00edculo el alcance e implicaciones del GDPR recientemente con plena vigencia para la protecci\u00f3n de datos de los usuarios de la Uni\u00f3n Europea.\" \/>\n<meta name=\"robots\" content=\"index, follow, max-snippet:-1, max-image-preview:large, max-video-preview:-1\" \/>\n<link rel=\"canonical\" href=\"https:\/\/venfort.com\/en\/gdpr-european-union-data\/\" \/>\n<meta property=\"og:locale\" content=\"en_US\" \/>\n<meta property=\"og:type\" content=\"article\" \/>\n<meta property=\"og:title\" content=\"GDPR: la Uni\u00f3n Europea blinda la protecci\u00f3n de datos de los usuarios\" \/>\n<meta property=\"og:description\" content=\"Compartimos en este art\u00edculo el alcance e implicaciones del GDPR recientemente con plena vigencia para la protecci\u00f3n de datos de los usuarios de la Uni\u00f3n Europea.\" \/>\n<meta property=\"og:url\" content=\"https:\/\/venfort.com\/en\/gdpr-european-union-data\/\" \/>\n<meta property=\"og:site_name\" content=\"Venfort\" \/>\n<meta property=\"article:publisher\" content=\"https:\/\/www.facebook.com\/venfortyabogados\" \/>\n<meta property=\"article:published_time\" content=\"2018-06-01T16:25:34+00:00\" \/>\n<meta property=\"og:image\" content=\"https:\/\/venfort.com\/wp-content\/uploads\/2018\/06\/el-gdpr-union-europea.jpg\" \/>\n\t<meta property=\"og:image:width\" content=\"1920\" \/>\n\t<meta property=\"og:image:height\" content=\"1080\" \/>\n\t<meta property=\"og:image:type\" content=\"image\/jpeg\" \/>\n<meta name=\"author\" content=\"VENFORT\" \/>\n<meta name=\"twitter:card\" content=\"summary_large_image\" \/>\n<meta name=\"twitter:creator\" content=\"@Venfortabogados\" \/>\n<meta name=\"twitter:site\" content=\"@Venfortabogados\" \/>\n<meta name=\"twitter:label1\" content=\"Written by\" \/>\n\t<meta name=\"twitter:data1\" content=\"VENFORT\" \/>\n\t<meta name=\"twitter:label2\" content=\"Est. reading time\" \/>\n\t<meta name=\"twitter:data2\" content=\"3 minutes\" \/>\n<script type=\"application\/ld+json\" class=\"yoast-schema-graph\">{\"@context\":\"https:\\\/\\\/schema.org\",\"@graph\":[{\"@type\":\"Article\",\"@id\":\"https:\\\/\\\/venfort.com\\\/gdpr-union-europea-datos\\\/#article\",\"isPartOf\":{\"@id\":\"https:\\\/\\\/venfort.com\\\/gdpr-union-europea-datos\\\/\"},\"author\":{\"name\":\"VENFORT\",\"@id\":\"https:\\\/\\\/venfort.com\\\/#\\\/schema\\\/person\\\/6c0e1de9015eb56bbbf307df50c9872e\"},\"headline\":\"GDPR: la Uni\u00f3n Europea blinda la protecci\u00f3n de datos de los usuarios\",\"datePublished\":\"2018-06-01T16:25:34+00:00\",\"mainEntityOfPage\":{\"@id\":\"https:\\\/\\\/venfort.com\\\/gdpr-union-europea-datos\\\/\"},\"wordCount\":684,\"publisher\":{\"@id\":\"https:\\\/\\\/venfort.com\\\/#organization\"},\"image\":{\"@id\":\"https:\\\/\\\/venfort.com\\\/gdpr-union-europea-datos\\\/#primaryimage\"},\"thumbnailUrl\":\"https:\\\/\\\/venfort.com\\\/wp-content\\\/uploads\\\/2018\\\/06\\\/el-gdpr-union-europea.jpg\",\"keywords\":[\"Derecho a la Privacidad\",\"GDPR\",\"Privacidad\",\"Protecci\u00f3n de Datos\",\"Uni\u00f3n Europea\"],\"articleSection\":[\"Jurisdicci\u00f3n Internacional\"],\"inLanguage\":\"en-US\"},{\"@type\":\"WebPage\",\"@id\":\"https:\\\/\\\/venfort.com\\\/gdpr-union-europea-datos\\\/\",\"url\":\"https:\\\/\\\/venfort.com\\\/gdpr-union-europea-datos\\\/\",\"name\":\"GDPR: la Uni\u00f3n Europea blinda la protecci\u00f3n de datos de los usuarios\",\"isPartOf\":{\"@id\":\"https:\\\/\\\/venfort.com\\\/#website\"},\"primaryImageOfPage\":{\"@id\":\"https:\\\/\\\/venfort.com\\\/gdpr-union-europea-datos\\\/#primaryimage\"},\"image\":{\"@id\":\"https:\\\/\\\/venfort.com\\\/gdpr-union-europea-datos\\\/#primaryimage\"},\"thumbnailUrl\":\"https:\\\/\\\/venfort.com\\\/wp-content\\\/uploads\\\/2018\\\/06\\\/el-gdpr-union-europea.jpg\",\"datePublished\":\"2018-06-01T16:25:34+00:00\",\"description\":\"Compartimos en este art\u00edculo el alcance e implicaciones del GDPR recientemente con plena vigencia para la protecci\u00f3n de datos de los usuarios de la Uni\u00f3n Europea.\",\"breadcrumb\":{\"@id\":\"https:\\\/\\\/venfort.com\\\/gdpr-union-europea-datos\\\/#breadcrumb\"},\"inLanguage\":\"en-US\",\"potentialAction\":[{\"@type\":\"ReadAction\",\"target\":[\"https:\\\/\\\/venfort.com\\\/gdpr-union-europea-datos\\\/\"]}]},{\"@type\":\"ImageObject\",\"inLanguage\":\"en-US\",\"@id\":\"https:\\\/\\\/venfort.com\\\/gdpr-union-europea-datos\\\/#primaryimage\",\"url\":\"https:\\\/\\\/venfort.com\\\/wp-content\\\/uploads\\\/2018\\\/06\\\/el-gdpr-union-europea.jpg\",\"contentUrl\":\"https:\\\/\\\/venfort.com\\\/wp-content\\\/uploads\\\/2018\\\/06\\\/el-gdpr-union-europea.jpg\",\"width\":1920,\"height\":1080},{\"@type\":\"BreadcrumbList\",\"@id\":\"https:\\\/\\\/venfort.com\\\/gdpr-union-europea-datos\\\/#breadcrumb\",\"itemListElement\":[{\"@type\":\"ListItem\",\"position\":1,\"name\":\"Portada\",\"item\":\"https:\\\/\\\/venfort.com\\\/\"},{\"@type\":\"ListItem\",\"position\":2,\"name\":\"GDPR: la Uni\u00f3n Europea blinda la protecci\u00f3n de datos de los usuarios\"}]},{\"@type\":\"WebSite\",\"@id\":\"https:\\\/\\\/venfort.com\\\/#website\",\"url\":\"https:\\\/\\\/venfort.com\\\/\",\"name\":\"Venfort\",\"description\":\"Firma de Abogados | Derecho Penal Econ\u00f3mico, Derecho Penal Internacional, Derecho de Empresas, Derecho Financiero, Derecho Administrativo, Derecho Civil y Sucesiones Internacionales\",\"publisher\":{\"@id\":\"https:\\\/\\\/venfort.com\\\/#organization\"},\"alternateName\":\"VENFORT\",\"potentialAction\":[{\"@type\":\"SearchAction\",\"target\":{\"@type\":\"EntryPoint\",\"urlTemplate\":\"https:\\\/\\\/venfort.com\\\/?s={search_term_string}\"},\"query-input\":{\"@type\":\"PropertyValueSpecification\",\"valueRequired\":true,\"valueName\":\"search_term_string\"}}],\"inLanguage\":\"en-US\"},{\"@type\":\"Organization\",\"@id\":\"https:\\\/\\\/venfort.com\\\/#organization\",\"name\":\"Venfort Abogados\",\"alternateName\":\"VENFORT\",\"url\":\"https:\\\/\\\/venfort.com\\\/\",\"logo\":{\"@type\":\"ImageObject\",\"inLanguage\":\"en-US\",\"@id\":\"https:\\\/\\\/venfort.com\\\/#\\\/schema\\\/logo\\\/image\\\/\",\"url\":\"https:\\\/\\\/venfort.com\\\/wp-content\\\/uploads\\\/2026\\\/03\\\/Logo_Venfort_Horizontal_Color.png\",\"contentUrl\":\"https:\\\/\\\/venfort.com\\\/wp-content\\\/uploads\\\/2026\\\/03\\\/Logo_Venfort_Horizontal_Color.png\",\"width\":1000,\"height\":237,\"caption\":\"Venfort Abogados\"},\"image\":{\"@id\":\"https:\\\/\\\/venfort.com\\\/#\\\/schema\\\/logo\\\/image\\\/\"},\"sameAs\":[\"https:\\\/\\\/www.facebook.com\\\/venfortyabogados\",\"https:\\\/\\\/x.com\\\/Venfortabogados\",\"https:\\\/\\\/www.linkedin.com\\\/company\\\/venfort-aldana-abogados\",\"https:\\\/\\\/www.instagram.com\\\/venfortabogados\"]},{\"@type\":\"Person\",\"@id\":\"https:\\\/\\\/venfort.com\\\/#\\\/schema\\\/person\\\/6c0e1de9015eb56bbbf307df50c9872e\",\"name\":\"VENFORT\",\"image\":{\"@type\":\"ImageObject\",\"inLanguage\":\"en-US\",\"@id\":\"https:\\\/\\\/secure.gravatar.com\\\/avatar\\\/4d96769bd368e8f15c4aec9dce5b759ea0d3a49ad69242757e358a4ec75eba02?s=96&d=mm&r=g\",\"url\":\"https:\\\/\\\/secure.gravatar.com\\\/avatar\\\/4d96769bd368e8f15c4aec9dce5b759ea0d3a49ad69242757e358a4ec75eba02?s=96&d=mm&r=g\",\"contentUrl\":\"https:\\\/\\\/secure.gravatar.com\\\/avatar\\\/4d96769bd368e8f15c4aec9dce5b759ea0d3a49ad69242757e358a4ec75eba02?s=96&d=mm&r=g\",\"caption\":\"VENFORT\"},\"url\":\"https:\\\/\\\/venfort.com\\\/en\\\/author\\\/venfortadmin\\\/\"}]}<\/script>\n<!-- \/ Yoast SEO plugin. -->","yoast_head_json":{"title":"GDPR: the European Union shields user data protection","description":"We share in this article the scope and implications of the GDPR recently in full force for the protection of user data in the European Union.","robots":{"index":"index","follow":"follow","max-snippet":"max-snippet:-1","max-image-preview":"max-image-preview:large","max-video-preview":"max-video-preview:-1"},"canonical":"https:\/\/venfort.com\/en\/gdpr-european-union-data\/","og_locale":"en_US","og_type":"article","og_title":"GDPR: la Uni\u00f3n Europea blinda la protecci\u00f3n de datos de los usuarios","og_description":"Compartimos en este art\u00edculo el alcance e implicaciones del GDPR recientemente con plena vigencia para la protecci\u00f3n de datos de los usuarios de la Uni\u00f3n Europea.","og_url":"https:\/\/venfort.com\/en\/gdpr-european-union-data\/","og_site_name":"Venfort","article_publisher":"https:\/\/www.facebook.com\/venfortyabogados","article_published_time":"2018-06-01T16:25:34+00:00","og_image":[{"width":1920,"height":1080,"url":"https:\/\/venfort.com\/wp-content\/uploads\/2018\/06\/el-gdpr-union-europea.jpg","type":"image\/jpeg"}],"author":"VENFORT","twitter_card":"summary_large_image","twitter_creator":"@Venfortabogados","twitter_site":"@Venfortabogados","twitter_misc":{"Written by":"VENFORT","Est. reading time":"3 minutes"},"schema":{"@context":"https:\/\/schema.org","@graph":[{"@type":"Article","@id":"https:\/\/venfort.com\/gdpr-union-europea-datos\/#article","isPartOf":{"@id":"https:\/\/venfort.com\/gdpr-union-europea-datos\/"},"author":{"name":"VENFORT","@id":"https:\/\/venfort.com\/#\/schema\/person\/6c0e1de9015eb56bbbf307df50c9872e"},"headline":"GDPR: la Uni\u00f3n Europea blinda la protecci\u00f3n de datos de los usuarios","datePublished":"2018-06-01T16:25:34+00:00","mainEntityOfPage":{"@id":"https:\/\/venfort.com\/gdpr-union-europea-datos\/"},"wordCount":684,"publisher":{"@id":"https:\/\/venfort.com\/#organization"},"image":{"@id":"https:\/\/venfort.com\/gdpr-union-europea-datos\/#primaryimage"},"thumbnailUrl":"https:\/\/venfort.com\/wp-content\/uploads\/2018\/06\/el-gdpr-union-europea.jpg","keywords":["Derecho a la Privacidad","GDPR","Privacidad","Protecci\u00f3n de Datos","Uni\u00f3n Europea"],"articleSection":["Jurisdicci\u00f3n Internacional"],"inLanguage":"en-US"},{"@type":"WebPage","@id":"https:\/\/venfort.com\/gdpr-union-europea-datos\/","url":"https:\/\/venfort.com\/gdpr-union-europea-datos\/","name":"GDPR: the European Union shields user data protection","isPartOf":{"@id":"https:\/\/venfort.com\/#website"},"primaryImageOfPage":{"@id":"https:\/\/venfort.com\/gdpr-union-europea-datos\/#primaryimage"},"image":{"@id":"https:\/\/venfort.com\/gdpr-union-europea-datos\/#primaryimage"},"thumbnailUrl":"https:\/\/venfort.com\/wp-content\/uploads\/2018\/06\/el-gdpr-union-europea.jpg","datePublished":"2018-06-01T16:25:34+00:00","description":"We share in this article the scope and implications of the GDPR recently in full force for the protection of user data in the European Union.","breadcrumb":{"@id":"https:\/\/venfort.com\/gdpr-union-europea-datos\/#breadcrumb"},"inLanguage":"en-US","potentialAction":[{"@type":"ReadAction","target":["https:\/\/venfort.com\/gdpr-union-europea-datos\/"]}]},{"@type":"ImageObject","inLanguage":"en-US","@id":"https:\/\/venfort.com\/gdpr-union-europea-datos\/#primaryimage","url":"https:\/\/venfort.com\/wp-content\/uploads\/2018\/06\/el-gdpr-union-europea.jpg","contentUrl":"https:\/\/venfort.com\/wp-content\/uploads\/2018\/06\/el-gdpr-union-europea.jpg","width":1920,"height":1080},{"@type":"BreadcrumbList","@id":"https:\/\/venfort.com\/gdpr-union-europea-datos\/#breadcrumb","itemListElement":[{"@type":"ListItem","position":1,"name":"Portada","item":"https:\/\/venfort.com\/"},{"@type":"ListItem","position":2,"name":"GDPR: la Uni\u00f3n Europea blinda la protecci\u00f3n de datos de los usuarios"}]},{"@type":"WebSite","@id":"https:\/\/venfort.com\/#website","url":"https:\/\/venfort.com\/","name":"Venfort","description":"Law Firm : Economic Criminal Law, International Criminal Law, Corporate Law, Financial Law, Administrative Law, Civil Law and International Successions.","publisher":{"@id":"https:\/\/venfort.com\/#organization"},"alternateName":"VENFORT","potentialAction":[{"@type":"SearchAction","target":{"@type":"EntryPoint","urlTemplate":"https:\/\/venfort.com\/?s={search_term_string}"},"query-input":{"@type":"PropertyValueSpecification","valueRequired":true,"valueName":"search_term_string"}}],"inLanguage":"en-US"},{"@type":"Organization","@id":"https:\/\/venfort.com\/#organization","name":"Venfort Lawyers","alternateName":"VENFORT","url":"https:\/\/venfort.com\/","logo":{"@type":"ImageObject","inLanguage":"en-US","@id":"https:\/\/venfort.com\/#\/schema\/logo\/image\/","url":"https:\/\/venfort.com\/wp-content\/uploads\/2026\/03\/Logo_Venfort_Horizontal_Color.png","contentUrl":"https:\/\/venfort.com\/wp-content\/uploads\/2026\/03\/Logo_Venfort_Horizontal_Color.png","width":1000,"height":237,"caption":"Venfort Abogados"},"image":{"@id":"https:\/\/venfort.com\/#\/schema\/logo\/image\/"},"sameAs":["https:\/\/www.facebook.com\/venfortyabogados","https:\/\/x.com\/Venfortabogados","https:\/\/www.linkedin.com\/company\/venfort-aldana-abogados","https:\/\/www.instagram.com\/venfortabogados"]},{"@type":"Person","@id":"https:\/\/venfort.com\/#\/schema\/person\/6c0e1de9015eb56bbbf307df50c9872e","name":"VENFORT","image":{"@type":"ImageObject","inLanguage":"en-US","@id":"https:\/\/secure.gravatar.com\/avatar\/4d96769bd368e8f15c4aec9dce5b759ea0d3a49ad69242757e358a4ec75eba02?s=96&d=mm&r=g","url":"https:\/\/secure.gravatar.com\/avatar\/4d96769bd368e8f15c4aec9dce5b759ea0d3a49ad69242757e358a4ec75eba02?s=96&d=mm&r=g","contentUrl":"https:\/\/secure.gravatar.com\/avatar\/4d96769bd368e8f15c4aec9dce5b759ea0d3a49ad69242757e358a4ec75eba02?s=96&d=mm&r=g","caption":"VENFORT"},"url":"https:\/\/venfort.com\/en\/author\/venfortadmin\/"}]}},"_links":{"self":[{"href":"https:\/\/venfort.com\/en\/wp-json\/wp\/v2\/posts\/2694","targetHints":{"allow":["GET"]}}],"collection":[{"href":"https:\/\/venfort.com\/en\/wp-json\/wp\/v2\/posts"}],"about":[{"href":"https:\/\/venfort.com\/en\/wp-json\/wp\/v2\/types\/post"}],"author":[{"embeddable":true,"href":"https:\/\/venfort.com\/en\/wp-json\/wp\/v2\/users\/1"}],"replies":[{"embeddable":true,"href":"https:\/\/venfort.com\/en\/wp-json\/wp\/v2\/comments?post=2694"}],"version-history":[{"count":0,"href":"https:\/\/venfort.com\/en\/wp-json\/wp\/v2\/posts\/2694\/revisions"}],"wp:featuredmedia":[{"embeddable":true,"href":"https:\/\/venfort.com\/en\/wp-json\/wp\/v2\/media\/2695"}],"wp:attachment":[{"href":"https:\/\/venfort.com\/en\/wp-json\/wp\/v2\/media?parent=2694"}],"wp:term":[{"taxonomy":"category","embeddable":true,"href":"https:\/\/venfort.com\/en\/wp-json\/wp\/v2\/categories?post=2694"},{"taxonomy":"post_tag","embeddable":true,"href":"https:\/\/venfort.com\/en\/wp-json\/wp\/v2\/tags?post=2694"}],"curies":[{"name":"wp","href":"https:\/\/api.w.org\/{rel}","templated":true}]}}