{"id":2460,"date":"2020-08-13T08:00:11","date_gmt":"2020-08-13T12:00:11","guid":{"rendered":"https:\/\/venfort.com\/blog\/?p=1234"},"modified":"2020-08-13T08:00:11","modified_gmt":"2020-08-13T12:00:11","slug":"extradicion-de-alejandro-toledo-se-decidira-en-marzo-de-2021","status":"publish","type":"post","link":"https:\/\/venfort.com\/es\/extradicion-de-alejandro-toledo-se-decidira-en-marzo-de-2021\/","title":{"rendered":"Extradici\u00f3n de Alejandro Toledo se decidir\u00e1 en marzo de 2021"},"content":{"rendered":"\n<blockquote class=\"wp-block-quote is-layout-flow wp-block-quote-is-layout-flow\"><p>En los procesos que determinan si es procedente una solicitud de extradici\u00f3n no s\u00f3lo est\u00e1n relacionados estrictamente con los \u00f3rganos jurisdiccionales de los pa\u00edses involucrados, sino tambi\u00e9n est\u00e1n relacionados los Ministerios de Relaciones Exteriores y de Justicia, inclusive algunas jurisdicciones faculta para decretar la aceptaci\u00f3n o no de la extradici\u00f3n pasiva al presidente del pa\u00eds donde se encuentra el procesado.<\/p><\/blockquote>\n\n\n\n<p><a href=\"https:\/\/venfort.com\/blog\/proceso-de-extradicion\/#.XzFK5yhKgdU\"><strong>La extradici\u00f3n es un proceso legal<\/strong><\/a><strong> que ocurre cuando un Estado hace la petici\u00f3n<\/strong> \u2014denominado extradici\u00f3n activa\u2014 sobre la entrega de un imputado detenido o ubicado a disposici\u00f3n de un juzgado en otro pa\u00eds, que se ha producido de una orden de detenci\u00f3n internacional y con la intenci\u00f3n de enjuiciarlo o continuar la pena ya impuesta en otro territorio. Esta figura est\u00e1 regulada por tratados internacionales y por las leyes de cada pa\u00eds, por lo que para garantizarla debe existir el acuerdo previo entre las naciones.&nbsp;<\/p>\n\n\n\n<p><strong>Por tal raz\u00f3n, los tratados o convenios bilaterales espec\u00edficos<\/strong> contienen los lapsos que determinan el proceso, incluyendo los lapsos del procedimiento como los de la formalizaci\u00f3n de la petici\u00f3n de la extradici\u00f3n activa.&nbsp;<\/p>\n\n\n\n<p><strong>Es por ello que los procesos tienen distintas etapas, <\/strong>dependiendo de los pa\u00edses involucrados<strong>. <\/strong>En este sentido<strong>, la decisi\u00f3n sobre la extradici\u00f3n<\/strong> del expresidente peruano, Alejandro Toledo, ya tiene fecha l\u00edmite ante el juez Thomas Hixson de la Corte del Distrito Norte de California que acept\u00f3 la propuesta de calendario para el caso, en la que se establece el 11 de marzo de 2021 como d\u00eda tope para dar una sentencia.&nbsp;<\/p>\n\n\n\n<p><strong>Ante condiciones extraordinarias, como la generada por la pandemia, muchos procedimientos legales han tenido que ser reprogramados<\/strong> por la suspensi\u00f3n de los lapsos de los procesos legales, modificando el tiempo de los procesos, mientras se van adecuando a las nuevas din\u00e1micas de bioseguridad las audiencias y actos presenciales o <a href=\"https:\/\/venfort.com\/blog\/audiencias-telematicas-posibilidad-para-justicia-en-el-mundo\/\">sustituci\u00f3n de actos telem\u00e1ticos<\/a> en donde no sea necesario la forma estrictamente presencial de las audiencias. Es por ello que la decisi\u00f3n final del caso de extradici\u00f3n de Alejandro Toledo, ha influido para que se decida finalmente en marzo de 2021.<\/p>\n\n\n\n<p><strong>Adem\u00e1s, la justicia norteamericana desestim\u00f3 los argumentos de la defensa del expresidente<\/strong> peruano para evitar la extradici\u00f3n, argumentando que se cumplen todos los requisitos legales necesarios para llevarla a cabo. En ese sentido, se aleg\u00f3 que Toledo es buscado para ser enjuiciado en Per\u00fa, pa\u00eds que lo ha imputado debidamente y con documentaci\u00f3n por los delitos a los que se le investiga.<\/p>\n\n\n\n<p><strong>En una extradici\u00f3n la defensa debe velar y verificar <\/strong>los principios jur\u00eddicos de (I) doble incriminaci\u00f3n, (II) legalidad, (III) reciprocidad, (IV) de no entrega a los nacionales, (V) de especialidad, (VI) de respeto a la pena y por \u00faltimo (VII) el \u00ab<em>non bis in \u00eddem\u00bb<\/em>.&nbsp;<\/p>\n\n\n\n<p><strong><a href=\"https:\/\/venfort.com\/blog\/proceso-juridico-ex-presidente-toledo\/\">El caso de Toledo inici\u00f3 en mayo de 2018<\/a>, cuando el Ministerio P\u00fablico de Per\u00fa solicit\u00f3 al gobierno de Estados Unidos su extradici\u00f3n.<\/strong> En julio de 2019 se determin\u00f3 que el expresidente peruano ten\u00eda que enfrentar el procedimiento legal en condici\u00f3n de detenido debido a sus intentos de fuga, sin embargo, en marzo de 2020 el juez encargado accedi\u00f3 a dejarlo bajo arresto domiciliario en su vivienda por el riesgo de contagio al estar en prisi\u00f3n durante la pandemia por COVID-19.<\/p>\n\n\n\n<h2 class=\"wp-block-heading\">C\u00f3mo ha sido el proceso de extradici\u00f3n de Alejandro Toledo<\/h2>\n\n\n\n<p><strong>La acusaci\u00f3n de recibir m\u00e1s de 20 millones de d\u00f3lares en sobornos de la constructora brasile\u00f1a Odebrecht<\/strong><a href=\"https:\/\/venfort.com\/blog\/ex-presidente-alejandro-toledo-extradicion\/#.XzFKtyhKgdU\"> es el motivo de la extradici\u00f3n al expresidente<\/a>. Para las investigaciones se cont\u00f3 con la colaboraci\u00f3n de confesi\u00f3n del testaferro principal del acusado, el empresario peruano &#8211; israel\u00ed Josef Mainman, quien asegur\u00f3 haber recibido dep\u00f3sitos de m\u00e1s de 21 millones de d\u00f3lares, bajo la autorizaci\u00f3n de Toledo, a cambio de la concesi\u00f3n de obras de construcci\u00f3n de la infraestructura vial de Per\u00fa, a cargo de las empresas Odebrecht y Camargo Correa. Para el pa\u00eds latinoamericano la pena impuesta por este crimen puede implicar 16 a\u00f1os y ocho meses de prisi\u00f3n.<\/p>\n\n\n\n<p><strong>Per\u00fa y Estados Unidos forman parte de los pa\u00edses que han formalizado su participaci\u00f3n en los convenios de extradici\u00f3n<\/strong>, por lo que la colaboraci\u00f3n de las autoridades en estos casos suele ser m\u00e1s fluida y s\u00f3lida. Los pa\u00edses pertenecientes a la Organizaci\u00f3n de Estados Americanos (OEA) adoptaron una convenci\u00f3n interamericana sobre extradici\u00f3n, en donde las naciones se comprometen a entregar a otros pa\u00edses firmantes que lo soliciten, a las personas requeridas judicialmente para procesarlas, as\u00ed como a las procesadas, las declaradas culpables o las condenadas a cumplir una pena de privaci\u00f3n de libertad.<\/p>\n\n\n\n<h3 class=\"has-text-align-center wp-block-heading\">Para este tipo de procesos Alan Aldana &amp; Abogados cuenta con un Departamento especializado en Derecho Penal Internacional que atiende procesos en distintas jurisdicciones lo que permite ejecutar de forma efectiva una estrategia de defensa s\u00f3lida y coordinada.<\/h3>\n\n\n\n<h3 class=\"wp-block-heading\">Fuentes consultadas:<\/h3>\n\n\n\n<ul class=\"wp-block-list\"><li><a href=\"https:\/\/www.efe.com\/efe\/america\/politica\/la-audiencia-de-extradicion-alejandro-toledo-en-ee-uu-sera-marzo-2021\/20000035-4313210\" target=\"_blank\" rel=\"noreferrer noopener\">efe.com<\/a><\/li><li><a href=\"https:\/\/rpp.pe\/politica\/judiciales\/alejandro-toledo-la-audiencia-de-extradicion-del-expresidente-en-estados-unidos-sera-en-marzo-de-2021-noticia-1284646\" target=\"_blank\" rel=\"noreferrer noopener\">rpp.pe<\/a><\/li><li><a href=\"https:\/\/peru21.pe\/politica\/alejandro-toledo-fiscalia-de-eeuu-desestima-su-argumento-para-evitar-la-extradicion-odebrecht-noticia\/\" target=\"_blank\" rel=\"noreferrer noopener\">peru21.pe<\/a><\/li><li><a href=\"http:\/\/iabogado.com\/guia-legal\/ante-la-justicia-penal\/la-extradicion\" target=\"_blank\" rel=\"noreferrer noopener\">iabogado.com<\/a><\/li><\/ul>\n","protected":false},"excerpt":{"rendered":"<p>En los procesos que determinan si es procedente una solicitud de extradici\u00f3n no s\u00f3lo est\u00e1n relacionados estrictamente con los \u00f3rganos jurisdiccionales de los pa\u00edses involucrados, sino tambi\u00e9n est\u00e1n relacionados los Ministerios de Relaciones Exteriores y de Justicia, inclusive algunas jurisdicciones faculta para decretar la aceptaci\u00f3n o no de la extradici\u00f3n pasiva al presidente del pa\u00eds [&hellip;]<\/p>\n","protected":false},"author":1,"featured_media":2461,"comment_status":"closed","ping_status":"open","sticky":false,"template":"","format":"standard","meta":{"inline_featured_image":false,"ocean_post_layout":"","ocean_both_sidebars_style":"","ocean_both_sidebars_content_width":0,"ocean_both_sidebars_sidebars_width":0,"ocean_sidebar":"","ocean_second_sidebar":"","ocean_disable_margins":"enable","ocean_add_body_class":"","ocean_shortcode_before_top_bar":"","ocean_shortcode_after_top_bar":"","ocean_shortcode_before_header":"","ocean_shortcode_after_header":"","ocean_has_shortcode":"","ocean_shortcode_after_title":"","ocean_shortcode_before_footer_widgets":"","ocean_shortcode_after_footer_widgets":"","ocean_shortcode_before_footer_bottom":"","ocean_shortcode_after_footer_bottom":"","ocean_display_top_bar":"default","ocean_display_header":"default","ocean_header_style":"","ocean_center_header_left_menu":"","ocean_custom_header_template":"","ocean_custom_logo":0,"ocean_custom_retina_logo":0,"ocean_custom_logo_max_width":0,"ocean_custom_logo_tablet_max_width":0,"ocean_custom_logo_mobile_max_width":0,"ocean_custom_logo_max_height":0,"ocean_custom_logo_tablet_max_height":0,"ocean_custom_logo_mobile_max_height":0,"ocean_header_custom_menu":"","ocean_menu_typo_font_family":"","ocean_menu_typo_font_subset":"","ocean_menu_typo_font_size":0,"ocean_menu_typo_font_size_tablet":0,"ocean_menu_typo_font_size_mobile":0,"ocean_menu_typo_font_size_unit":"px","ocean_menu_typo_font_weight":"","ocean_menu_typo_font_weight_tablet":"","ocean_menu_typo_font_weight_mobile":"","ocean_menu_typo_transform":"","ocean_menu_typo_transform_tablet":"","ocean_menu_typo_transform_mobile":"","ocean_menu_typo_line_height":0,"ocean_menu_typo_line_height_tablet":0,"ocean_menu_typo_line_height_mobile":0,"ocean_menu_typo_line_height_unit":"","ocean_menu_typo_spacing":0,"ocean_menu_typo_spacing_tablet":0,"ocean_menu_typo_spacing_mobile":0,"ocean_menu_typo_spacing_unit":"","ocean_menu_link_color":"","ocean_menu_link_color_hover":"","ocean_menu_link_color_active":"","ocean_menu_link_background":"","ocean_menu_link_hover_background":"","ocean_menu_link_active_background":"","ocean_menu_social_links_bg":"","ocean_menu_social_hover_links_bg":"","ocean_menu_social_links_color":"","ocean_menu_social_hover_links_color":"","ocean_disable_title":"default","ocean_disable_heading":"default","ocean_post_title":"","ocean_post_subheading":"","ocean_post_title_style":"","ocean_post_title_background_color":"","ocean_post_title_background":0,"ocean_post_title_bg_image_position":"","ocean_post_title_bg_image_attachment":"","ocean_post_title_bg_image_repeat":"","ocean_post_title_bg_image_size":"","ocean_post_title_height":0,"ocean_post_title_bg_overlay":0.5,"ocean_post_title_bg_overlay_color":"","ocean_disable_breadcrumbs":"default","ocean_breadcrumbs_color":"","ocean_breadcrumbs_separator_color":"","ocean_breadcrumbs_links_color":"","ocean_breadcrumbs_links_hover_color":"","ocean_display_footer_widgets":"default","ocean_display_footer_bottom":"default","ocean_custom_footer_template":"","omw_enable_modal_window":"enable","ocean_post_oembed":"","ocean_post_self_hosted_media":"","ocean_post_video_embed":"","ocean_link_format":"","ocean_link_format_target":"self","ocean_quote_format":"","ocean_quote_format_link":"post","ocean_gallery_link_images":"on","ocean_gallery_id":[],"footnotes":""},"categories":[29],"tags":[159,79,119],"class_list":["post-2460","post","type-post","status-publish","format-standard","has-post-thumbnail","hentry","category-ejercicio-profesional","tag-alejandro-toledo","tag-derecho-penal","tag-extradicion","entry","has-media"],"yoast_head":"<!-- This site is optimized with the Yoast SEO plugin v27.4 - https:\/\/yoast.com\/product\/yoast-seo-wordpress\/ -->\n<title>Extradici\u00f3n de Alejandro Toledo se decidir\u00e1 en marzo de 2021<\/title>\n<meta name=\"description\" content=\"El caso de extradici\u00f3n de Alejandro Toledo inici\u00f3 en mayo de 2018, cuando el Ministerio P\u00fablico de Per\u00fa hizo la solicitud a EEUU.\" \/>\n<meta name=\"robots\" content=\"index, follow, max-snippet:-1, max-image-preview:large, max-video-preview:-1\" \/>\n<link rel=\"canonical\" href=\"https:\/\/venfort.com\/es\/extradicion-de-alejandro-toledo-se-decidira-en-marzo-de-2021\/\" \/>\n<meta property=\"og:locale\" content=\"es_ES\" \/>\n<meta property=\"og:type\" content=\"article\" \/>\n<meta property=\"og:title\" content=\"Extradici\u00f3n de Alejandro Toledo se decidir\u00e1 en marzo de 2021\" \/>\n<meta property=\"og:description\" content=\"El caso de extradici\u00f3n de Alejandro Toledo inici\u00f3 en mayo de 2018, cuando el Ministerio P\u00fablico de Per\u00fa hizo la solicitud a EEUU.\" \/>\n<meta property=\"og:url\" content=\"https:\/\/venfort.com\/es\/extradicion-de-alejandro-toledo-se-decidira-en-marzo-de-2021\/\" \/>\n<meta property=\"og:site_name\" content=\"Venfort\" \/>\n<meta property=\"article:publisher\" content=\"https:\/\/www.facebook.com\/venfortyabogados\" \/>\n<meta property=\"article:published_time\" content=\"2020-08-13T12:00:11+00:00\" \/>\n<meta property=\"og:image\" content=\"https:\/\/venfort.com\/wp-content\/uploads\/2020\/08\/extradicion-de-alejandro.jpg\" \/>\n\t<meta property=\"og:image:width\" content=\"1024\" \/>\n\t<meta property=\"og:image:height\" content=\"512\" \/>\n\t<meta property=\"og:image:type\" content=\"image\/jpeg\" \/>\n<meta name=\"author\" content=\"VENFORT\" \/>\n<meta name=\"twitter:card\" content=\"summary_large_image\" \/>\n<meta name=\"twitter:creator\" content=\"@Venfortabogados\" \/>\n<meta name=\"twitter:site\" content=\"@Venfortabogados\" \/>\n<meta name=\"twitter:label1\" content=\"Escrito por\" \/>\n\t<meta name=\"twitter:data1\" content=\"VENFORT\" \/>\n\t<meta name=\"twitter:label2\" content=\"Tiempo de lectura\" \/>\n\t<meta name=\"twitter:data2\" content=\"4 minutos\" \/>\n<script type=\"application\/ld+json\" class=\"yoast-schema-graph\">{\"@context\":\"https:\\\/\\\/schema.org\",\"@graph\":[{\"@type\":\"Article\",\"@id\":\"https:\\\/\\\/venfort.com\\\/extradicion-de-alejandro-toledo-se-decidira-en-marzo-de-2021\\\/#article\",\"isPartOf\":{\"@id\":\"https:\\\/\\\/venfort.com\\\/extradicion-de-alejandro-toledo-se-decidira-en-marzo-de-2021\\\/\"},\"author\":{\"name\":\"VENFORT\",\"@id\":\"https:\\\/\\\/venfort.com\\\/#\\\/schema\\\/person\\\/6c0e1de9015eb56bbbf307df50c9872e\"},\"headline\":\"Extradici\u00f3n de Alejandro Toledo se decidir\u00e1 en marzo de 2021\",\"datePublished\":\"2020-08-13T12:00:11+00:00\",\"mainEntityOfPage\":{\"@id\":\"https:\\\/\\\/venfort.com\\\/extradicion-de-alejandro-toledo-se-decidira-en-marzo-de-2021\\\/\"},\"wordCount\":867,\"publisher\":{\"@id\":\"https:\\\/\\\/venfort.com\\\/#organization\"},\"image\":{\"@id\":\"https:\\\/\\\/venfort.com\\\/extradicion-de-alejandro-toledo-se-decidira-en-marzo-de-2021\\\/#primaryimage\"},\"thumbnailUrl\":\"https:\\\/\\\/venfort.com\\\/wp-content\\\/uploads\\\/2020\\\/08\\\/extradicion-de-alejandro.jpg\",\"keywords\":[\"Alejandro Toledo\",\"Derecho Penal\",\"Extradici\u00f3n\"],\"articleSection\":[\"Ejercicio Profesional\"],\"inLanguage\":\"es\"},{\"@type\":\"WebPage\",\"@id\":\"https:\\\/\\\/venfort.com\\\/extradicion-de-alejandro-toledo-se-decidira-en-marzo-de-2021\\\/\",\"url\":\"https:\\\/\\\/venfort.com\\\/extradicion-de-alejandro-toledo-se-decidira-en-marzo-de-2021\\\/\",\"name\":\"Extradici\u00f3n de Alejandro Toledo se decidir\u00e1 en marzo de 2021\",\"isPartOf\":{\"@id\":\"https:\\\/\\\/venfort.com\\\/#website\"},\"primaryImageOfPage\":{\"@id\":\"https:\\\/\\\/venfort.com\\\/extradicion-de-alejandro-toledo-se-decidira-en-marzo-de-2021\\\/#primaryimage\"},\"image\":{\"@id\":\"https:\\\/\\\/venfort.com\\\/extradicion-de-alejandro-toledo-se-decidira-en-marzo-de-2021\\\/#primaryimage\"},\"thumbnailUrl\":\"https:\\\/\\\/venfort.com\\\/wp-content\\\/uploads\\\/2020\\\/08\\\/extradicion-de-alejandro.jpg\",\"datePublished\":\"2020-08-13T12:00:11+00:00\",\"description\":\"El caso de extradici\u00f3n de Alejandro Toledo inici\u00f3 en mayo de 2018, cuando el Ministerio P\u00fablico de Per\u00fa hizo la solicitud a EEUU.\",\"breadcrumb\":{\"@id\":\"https:\\\/\\\/venfort.com\\\/extradicion-de-alejandro-toledo-se-decidira-en-marzo-de-2021\\\/#breadcrumb\"},\"inLanguage\":\"es\",\"potentialAction\":[{\"@type\":\"ReadAction\",\"target\":[\"https:\\\/\\\/venfort.com\\\/extradicion-de-alejandro-toledo-se-decidira-en-marzo-de-2021\\\/\"]}]},{\"@type\":\"ImageObject\",\"inLanguage\":\"es\",\"@id\":\"https:\\\/\\\/venfort.com\\\/extradicion-de-alejandro-toledo-se-decidira-en-marzo-de-2021\\\/#primaryimage\",\"url\":\"https:\\\/\\\/venfort.com\\\/wp-content\\\/uploads\\\/2020\\\/08\\\/extradicion-de-alejandro.jpg\",\"contentUrl\":\"https:\\\/\\\/venfort.com\\\/wp-content\\\/uploads\\\/2020\\\/08\\\/extradicion-de-alejandro.jpg\",\"width\":1024,\"height\":512},{\"@type\":\"BreadcrumbList\",\"@id\":\"https:\\\/\\\/venfort.com\\\/extradicion-de-alejandro-toledo-se-decidira-en-marzo-de-2021\\\/#breadcrumb\",\"itemListElement\":[{\"@type\":\"ListItem\",\"position\":1,\"name\":\"Portada\",\"item\":\"https:\\\/\\\/venfort.com\\\/\"},{\"@type\":\"ListItem\",\"position\":2,\"name\":\"Extradici\u00f3n de Alejandro Toledo se decidir\u00e1 en marzo de 2021\"}]},{\"@type\":\"WebSite\",\"@id\":\"https:\\\/\\\/venfort.com\\\/#website\",\"url\":\"https:\\\/\\\/venfort.com\\\/\",\"name\":\"Venfort\",\"description\":\"Firma de Abogados | Derecho Penal Econ\u00f3mico, Derecho Penal Internacional, Derecho de Empresas, Derecho Financiero, Derecho Administrativo, Derecho Civil y Sucesiones Internacionales\",\"publisher\":{\"@id\":\"https:\\\/\\\/venfort.com\\\/#organization\"},\"alternateName\":\"VENFORT\",\"potentialAction\":[{\"@type\":\"SearchAction\",\"target\":{\"@type\":\"EntryPoint\",\"urlTemplate\":\"https:\\\/\\\/venfort.com\\\/?s={search_term_string}\"},\"query-input\":{\"@type\":\"PropertyValueSpecification\",\"valueRequired\":true,\"valueName\":\"search_term_string\"}}],\"inLanguage\":\"es\"},{\"@type\":\"Organization\",\"@id\":\"https:\\\/\\\/venfort.com\\\/#organization\",\"name\":\"Venfort Abogados\",\"alternateName\":\"VENFORT\",\"url\":\"https:\\\/\\\/venfort.com\\\/\",\"logo\":{\"@type\":\"ImageObject\",\"inLanguage\":\"es\",\"@id\":\"https:\\\/\\\/venfort.com\\\/#\\\/schema\\\/logo\\\/image\\\/\",\"url\":\"https:\\\/\\\/venfort.com\\\/wp-content\\\/uploads\\\/2026\\\/03\\\/Logo_Venfort_Horizontal_Color.png\",\"contentUrl\":\"https:\\\/\\\/venfort.com\\\/wp-content\\\/uploads\\\/2026\\\/03\\\/Logo_Venfort_Horizontal_Color.png\",\"width\":1000,\"height\":237,\"caption\":\"Venfort Abogados\"},\"image\":{\"@id\":\"https:\\\/\\\/venfort.com\\\/#\\\/schema\\\/logo\\\/image\\\/\"},\"sameAs\":[\"https:\\\/\\\/www.facebook.com\\\/venfortyabogados\",\"https:\\\/\\\/x.com\\\/Venfortabogados\",\"https:\\\/\\\/www.linkedin.com\\\/company\\\/venfort-aldana-abogados\",\"https:\\\/\\\/www.instagram.com\\\/venfortabogados\"]},{\"@type\":\"Person\",\"@id\":\"https:\\\/\\\/venfort.com\\\/#\\\/schema\\\/person\\\/6c0e1de9015eb56bbbf307df50c9872e\",\"name\":\"VENFORT\",\"image\":{\"@type\":\"ImageObject\",\"inLanguage\":\"es\",\"@id\":\"https:\\\/\\\/secure.gravatar.com\\\/avatar\\\/4d96769bd368e8f15c4aec9dce5b759ea0d3a49ad69242757e358a4ec75eba02?s=96&d=mm&r=g\",\"url\":\"https:\\\/\\\/secure.gravatar.com\\\/avatar\\\/4d96769bd368e8f15c4aec9dce5b759ea0d3a49ad69242757e358a4ec75eba02?s=96&d=mm&r=g\",\"contentUrl\":\"https:\\\/\\\/secure.gravatar.com\\\/avatar\\\/4d96769bd368e8f15c4aec9dce5b759ea0d3a49ad69242757e358a4ec75eba02?s=96&d=mm&r=g\",\"caption\":\"VENFORT\"},\"url\":\"https:\\\/\\\/venfort.com\\\/es\\\/author\\\/venfortadmin\\\/\"}]}<\/script>\n<!-- \/ Yoast SEO plugin. -->","yoast_head_json":{"title":"Extradici\u00f3n de Alejandro Toledo se decidir\u00e1 en marzo de 2021","description":"El caso de extradici\u00f3n de Alejandro Toledo inici\u00f3 en mayo de 2018, cuando el Ministerio P\u00fablico de Per\u00fa hizo la solicitud a EEUU.","robots":{"index":"index","follow":"follow","max-snippet":"max-snippet:-1","max-image-preview":"max-image-preview:large","max-video-preview":"max-video-preview:-1"},"canonical":"https:\/\/venfort.com\/es\/extradicion-de-alejandro-toledo-se-decidira-en-marzo-de-2021\/","og_locale":"es_ES","og_type":"article","og_title":"Extradici\u00f3n de Alejandro Toledo se decidir\u00e1 en marzo de 2021","og_description":"El caso de extradici\u00f3n de Alejandro Toledo inici\u00f3 en mayo de 2018, cuando el Ministerio P\u00fablico de Per\u00fa hizo la solicitud a EEUU.","og_url":"https:\/\/venfort.com\/es\/extradicion-de-alejandro-toledo-se-decidira-en-marzo-de-2021\/","og_site_name":"Venfort","article_publisher":"https:\/\/www.facebook.com\/venfortyabogados","article_published_time":"2020-08-13T12:00:11+00:00","og_image":[{"width":1024,"height":512,"url":"https:\/\/venfort.com\/wp-content\/uploads\/2020\/08\/extradicion-de-alejandro.jpg","type":"image\/jpeg"}],"author":"VENFORT","twitter_card":"summary_large_image","twitter_creator":"@Venfortabogados","twitter_site":"@Venfortabogados","twitter_misc":{"Escrito por":"VENFORT","Tiempo de lectura":"4 minutos"},"schema":{"@context":"https:\/\/schema.org","@graph":[{"@type":"Article","@id":"https:\/\/venfort.com\/extradicion-de-alejandro-toledo-se-decidira-en-marzo-de-2021\/#article","isPartOf":{"@id":"https:\/\/venfort.com\/extradicion-de-alejandro-toledo-se-decidira-en-marzo-de-2021\/"},"author":{"name":"VENFORT","@id":"https:\/\/venfort.com\/#\/schema\/person\/6c0e1de9015eb56bbbf307df50c9872e"},"headline":"Extradici\u00f3n de Alejandro Toledo se decidir\u00e1 en marzo de 2021","datePublished":"2020-08-13T12:00:11+00:00","mainEntityOfPage":{"@id":"https:\/\/venfort.com\/extradicion-de-alejandro-toledo-se-decidira-en-marzo-de-2021\/"},"wordCount":867,"publisher":{"@id":"https:\/\/venfort.com\/#organization"},"image":{"@id":"https:\/\/venfort.com\/extradicion-de-alejandro-toledo-se-decidira-en-marzo-de-2021\/#primaryimage"},"thumbnailUrl":"https:\/\/venfort.com\/wp-content\/uploads\/2020\/08\/extradicion-de-alejandro.jpg","keywords":["Alejandro Toledo","Derecho Penal","Extradici\u00f3n"],"articleSection":["Ejercicio Profesional"],"inLanguage":"es"},{"@type":"WebPage","@id":"https:\/\/venfort.com\/extradicion-de-alejandro-toledo-se-decidira-en-marzo-de-2021\/","url":"https:\/\/venfort.com\/extradicion-de-alejandro-toledo-se-decidira-en-marzo-de-2021\/","name":"Extradici\u00f3n de Alejandro Toledo se decidir\u00e1 en marzo de 2021","isPartOf":{"@id":"https:\/\/venfort.com\/#website"},"primaryImageOfPage":{"@id":"https:\/\/venfort.com\/extradicion-de-alejandro-toledo-se-decidira-en-marzo-de-2021\/#primaryimage"},"image":{"@id":"https:\/\/venfort.com\/extradicion-de-alejandro-toledo-se-decidira-en-marzo-de-2021\/#primaryimage"},"thumbnailUrl":"https:\/\/venfort.com\/wp-content\/uploads\/2020\/08\/extradicion-de-alejandro.jpg","datePublished":"2020-08-13T12:00:11+00:00","description":"El caso de extradici\u00f3n de Alejandro Toledo inici\u00f3 en mayo de 2018, cuando el Ministerio P\u00fablico de Per\u00fa hizo la solicitud a EEUU.","breadcrumb":{"@id":"https:\/\/venfort.com\/extradicion-de-alejandro-toledo-se-decidira-en-marzo-de-2021\/#breadcrumb"},"inLanguage":"es","potentialAction":[{"@type":"ReadAction","target":["https:\/\/venfort.com\/extradicion-de-alejandro-toledo-se-decidira-en-marzo-de-2021\/"]}]},{"@type":"ImageObject","inLanguage":"es","@id":"https:\/\/venfort.com\/extradicion-de-alejandro-toledo-se-decidira-en-marzo-de-2021\/#primaryimage","url":"https:\/\/venfort.com\/wp-content\/uploads\/2020\/08\/extradicion-de-alejandro.jpg","contentUrl":"https:\/\/venfort.com\/wp-content\/uploads\/2020\/08\/extradicion-de-alejandro.jpg","width":1024,"height":512},{"@type":"BreadcrumbList","@id":"https:\/\/venfort.com\/extradicion-de-alejandro-toledo-se-decidira-en-marzo-de-2021\/#breadcrumb","itemListElement":[{"@type":"ListItem","position":1,"name":"Portada","item":"https:\/\/venfort.com\/"},{"@type":"ListItem","position":2,"name":"Extradici\u00f3n de Alejandro Toledo se decidir\u00e1 en marzo de 2021"}]},{"@type":"WebSite","@id":"https:\/\/venfort.com\/#website","url":"https:\/\/venfort.com\/","name":"Venfort","description":"Firma de Abogados | Derecho Penal Econ\u00f3mico, Derecho Penal Internacional, Derecho de Empresas, Derecho Financiero, Derecho Administrativo, Derecho Civil y Sucesiones Internacionales","publisher":{"@id":"https:\/\/venfort.com\/#organization"},"alternateName":"VENFORT","potentialAction":[{"@type":"SearchAction","target":{"@type":"EntryPoint","urlTemplate":"https:\/\/venfort.com\/?s={search_term_string}"},"query-input":{"@type":"PropertyValueSpecification","valueRequired":true,"valueName":"search_term_string"}}],"inLanguage":"es"},{"@type":"Organization","@id":"https:\/\/venfort.com\/#organization","name":"Venfort Abogados","alternateName":"VENFORT","url":"https:\/\/venfort.com\/","logo":{"@type":"ImageObject","inLanguage":"es","@id":"https:\/\/venfort.com\/#\/schema\/logo\/image\/","url":"https:\/\/venfort.com\/wp-content\/uploads\/2026\/03\/Logo_Venfort_Horizontal_Color.png","contentUrl":"https:\/\/venfort.com\/wp-content\/uploads\/2026\/03\/Logo_Venfort_Horizontal_Color.png","width":1000,"height":237,"caption":"Venfort Abogados"},"image":{"@id":"https:\/\/venfort.com\/#\/schema\/logo\/image\/"},"sameAs":["https:\/\/www.facebook.com\/venfortyabogados","https:\/\/x.com\/Venfortabogados","https:\/\/www.linkedin.com\/company\/venfort-aldana-abogados","https:\/\/www.instagram.com\/venfortabogados"]},{"@type":"Person","@id":"https:\/\/venfort.com\/#\/schema\/person\/6c0e1de9015eb56bbbf307df50c9872e","name":"VENFORT","image":{"@type":"ImageObject","inLanguage":"es","@id":"https:\/\/secure.gravatar.com\/avatar\/4d96769bd368e8f15c4aec9dce5b759ea0d3a49ad69242757e358a4ec75eba02?s=96&d=mm&r=g","url":"https:\/\/secure.gravatar.com\/avatar\/4d96769bd368e8f15c4aec9dce5b759ea0d3a49ad69242757e358a4ec75eba02?s=96&d=mm&r=g","contentUrl":"https:\/\/secure.gravatar.com\/avatar\/4d96769bd368e8f15c4aec9dce5b759ea0d3a49ad69242757e358a4ec75eba02?s=96&d=mm&r=g","caption":"VENFORT"},"url":"https:\/\/venfort.com\/es\/author\/venfortadmin\/"}]}},"_links":{"self":[{"href":"https:\/\/venfort.com\/es\/wp-json\/wp\/v2\/posts\/2460","targetHints":{"allow":["GET"]}}],"collection":[{"href":"https:\/\/venfort.com\/es\/wp-json\/wp\/v2\/posts"}],"about":[{"href":"https:\/\/venfort.com\/es\/wp-json\/wp\/v2\/types\/post"}],"author":[{"embeddable":true,"href":"https:\/\/venfort.com\/es\/wp-json\/wp\/v2\/users\/1"}],"replies":[{"embeddable":true,"href":"https:\/\/venfort.com\/es\/wp-json\/wp\/v2\/comments?post=2460"}],"version-history":[{"count":0,"href":"https:\/\/venfort.com\/es\/wp-json\/wp\/v2\/posts\/2460\/revisions"}],"wp:featuredmedia":[{"embeddable":true,"href":"https:\/\/venfort.com\/es\/wp-json\/wp\/v2\/media\/2461"}],"wp:attachment":[{"href":"https:\/\/venfort.com\/es\/wp-json\/wp\/v2\/media?parent=2460"}],"wp:term":[{"taxonomy":"category","embeddable":true,"href":"https:\/\/venfort.com\/es\/wp-json\/wp\/v2\/categories?post=2460"},{"taxonomy":"post_tag","embeddable":true,"href":"https:\/\/venfort.com\/es\/wp-json\/wp\/v2\/tags?post=2460"}],"curies":[{"name":"wp","href":"https:\/\/api.w.org\/{rel}","templated":true}]}}