{"id":2526,"date":"2019-12-12T13:12:00","date_gmt":"2019-12-12T17:12:00","guid":{"rendered":"https:\/\/venfort.com\/blog\/?p=1082"},"modified":"2019-12-12T13:12:00","modified_gmt":"2019-12-12T17:12:00","slug":"70-anos-declaracion-derechos-humanos","status":"publish","type":"post","link":"https:\/\/venfort.com\/es\/70-anos-declaracion-derechos-humanos\/","title":{"rendered":"70 a\u00f1os de la Declaraci\u00f3n Universal de Derechos Humanos #Standup4humanrights."},"content":{"rendered":"\n<blockquote class=\"wp-block-quote is-layout-flow wp-block-quote-is-layout-flow\"><p>Un cambio importante en la historia de la humanidad ocurri\u00f3 hace 71 a\u00f1os, cuando en 1948 se adopt\u00f3 la <a href=\"https:\/\/venfort.com\/blog\/lucha-contra-el-racismo-xenofobia\/\">Declaraci\u00f3n Universal de los Derechos Humanos<\/a>. En ese momento los ideales de libertad, justicia y paz fueron reconocidos como parte de la dignidad intr\u00ednseca de un ser humano y se comenz\u00f3 a construir el basamento legal para preservar esa condici\u00f3n, frente a eventos mundiales que hab\u00edan lesionado gravemente la integridad de grupos humanos.<\/p><\/blockquote>\n\n\n\n<p><strong>Despu\u00e9s de esa Declaraci\u00f3n, firmada en la Asamblea General de las Naciones Unidas,<\/strong> se invit\u00f3 a los pa\u00edses interesados a plegarse a la resoluci\u00f3n 423 en la que se defin\u00eda a todos los 10 de diciembre de cada a\u00f1o como el D\u00eda Internacional de los Derechos Humanos. Ya se suman 70 a\u00f1os desde que ese prop\u00f3sito se materializ\u00f3 y aunque todav\u00eda hay mucho trabajo por hacer al respecto, los marcos regulatorios han servido de referencia para determinar responsabilidades y crear conciencia sobre este tema fundamental.<\/p>\n\n\n\n<p><strong>Estas acciones reafirman la fe en los derechos del hombre, en la dignidad y el valor de las personas por igual.<\/strong> Detr\u00e1s de todas estas herramientas legales universales se encuentra la intenci\u00f3n de promover el progreso social y elevar las condiciones de vida dentro de un concepto m\u00e1s amplio de libertad. En su proclamaci\u00f3n subyace el prop\u00f3sito de que todos los pueblos y naciones trabajen en este ideal com\u00fan, a fin de que los individuos e instituciones se inspiren constantemente en \u00e9l, promoviendo su reconocimiento y ense\u00f1anza en todos los rincones del planeta.<\/p>\n\n\n\n<h2 class=\"wp-block-heading\">Los 70 a\u00f1os de lucha por los Derechos Humanos<\/h2>\n\n\n\n<p><strong>La Declaraci\u00f3n de los Derechos Humanos es el documento m\u00e1s traducido en el mundo<\/strong>, disponible en la actualidad en 500 idiomas. En reconocimiento a su historia de 70 a\u00f1os, en esta oportunidad la celebraci\u00f3n est\u00e1 enfocada en destacar el papel protag\u00f3nico que han desempe\u00f1ado los j\u00f3venes en la defensa de las garant\u00edas fundamentales inalienables e inherentes\u00a0 a todos los seres humanos. En ese sentido, se reconoce el potencial de estos actores como agentes del cambio y se les apoya para que puedan continuar alzando sus voces y promoviendo acciones que ofrezcan, cada vez m\u00e1s, un mayor entendimiento de la importancia de estos temas.<\/p>\n\n\n\n<p><strong>Durante este a\u00f1o, en noviembre, se conmemor\u00f3 el 30 Aniversario de la Convenci\u00f3n sobre los Derechos del Ni\u00f1o<\/strong>, otro motivo que mostr\u00f3 la importancia de rescatar el poder de la poblaci\u00f3n joven en las tareas de promoci\u00f3n y conciencia. Bajo el lema \u201cNunca se es demasiado joven para cambiar al mundo\u201d, las Naciones Unidas ha detallado las razones por las que este a\u00f1o pondr\u00e1 el foco de esta celebraci\u00f3n en los j\u00f3venes:<\/p>\n\n\n\n<ul class=\"wp-block-list\"><li><strong>La participaci\u00f3n de los j\u00f3venes<\/strong> es imprescindible para lograr un desarrollo sostenible, pues son la generaci\u00f3n de relevo que se encargar\u00e1 de tomar las decisiones en un futuro cercano.<\/li><li><strong>La juventud puede participar en un cambio positivo<\/strong>, pues est\u00e1n a la vanguardia en todos los temas y aportan ideas frescas al prop\u00f3sito.<\/li><li><strong>Empoderar a los j\u00f3venes y comprometerlos<\/strong> con la mejora de su calidad de vida garantiza la continuidad y desarrollo de programas que impacten de forma positiva la experiencia de todos en el planeta.<\/li><\/ul>\n\n\n\n<figure class=\"wp-block-embed-youtube wp-block-embed is-type-video is-provider-youtube wp-embed-aspect-4-3 wp-has-aspect-ratio\"><div class=\"wp-block-embed__wrapper\">\n<p class=\"responsive-video-wrap clr\"><iframe title=\"Human Rights Day 2019 - Youth standing up for Human Rights.#StandUp4HumanRights #HumanRightsDay\" width=\"1200\" height=\"900\" src=\"https:\/\/www.youtube.com\/embed\/Pnh_8gUP2ug?feature=oembed\" frameborder=\"0\" allow=\"accelerometer; autoplay; clipboard-write; encrypted-media; gyroscope; picture-in-picture\" allowfullscreen><\/iframe><\/p>\n<\/div><\/figure>\n\n\n\n<h4 class=\"wp-block-heading\">Fuentes consultadas:<\/h4>\n\n\n\n<ul class=\"wp-block-list\"><li><a href=\"https:\/\/www.un.org\/es\/events\/humanrightsday\/\" target=\"_blank\" rel=\"noreferrer noopener\" aria-label=\"Organizaci\u00f3n de Naciones Unidas - Derechos Humanos (se abre en una nueva pesta\u00f1a)\">Organizaci\u00f3n de Naciones Unidas &#8211; Derechos Humanos<\/a><\/li><\/ul>\n","protected":false},"excerpt":{"rendered":"<p>Un cambio importante en la historia de la humanidad ocurri\u00f3 hace 71 a\u00f1os, cuando en 1948 se adopt\u00f3 la Declaraci\u00f3n Universal de los Derechos Humanos. En ese momento los ideales de libertad, justicia y paz fueron reconocidos como parte de la dignidad intr\u00ednseca de un ser humano y se comenz\u00f3 a construir el basamento legal [&hellip;]<\/p>\n","protected":false},"author":1,"featured_media":2527,"comment_status":"closed","ping_status":"open","sticky":false,"template":"","format":"standard","meta":{"inline_featured_image":false,"ocean_post_layout":"","ocean_both_sidebars_style":"","ocean_both_sidebars_content_width":0,"ocean_both_sidebars_sidebars_width":0,"ocean_sidebar":"","ocean_second_sidebar":"","ocean_disable_margins":"enable","ocean_add_body_class":"","ocean_shortcode_before_top_bar":"","ocean_shortcode_after_top_bar":"","ocean_shortcode_before_header":"","ocean_shortcode_after_header":"","ocean_has_shortcode":"","ocean_shortcode_after_title":"","ocean_shortcode_before_footer_widgets":"","ocean_shortcode_after_footer_widgets":"","ocean_shortcode_before_footer_bottom":"","ocean_shortcode_after_footer_bottom":"","ocean_display_top_bar":"default","ocean_display_header":"default","ocean_header_style":"","ocean_center_header_left_menu":"","ocean_custom_header_template":"","ocean_custom_logo":0,"ocean_custom_retina_logo":0,"ocean_custom_logo_max_width":0,"ocean_custom_logo_tablet_max_width":0,"ocean_custom_logo_mobile_max_width":0,"ocean_custom_logo_max_height":0,"ocean_custom_logo_tablet_max_height":0,"ocean_custom_logo_mobile_max_height":0,"ocean_header_custom_menu":"","ocean_menu_typo_font_family":"","ocean_menu_typo_font_subset":"","ocean_menu_typo_font_size":0,"ocean_menu_typo_font_size_tablet":0,"ocean_menu_typo_font_size_mobile":0,"ocean_menu_typo_font_size_unit":"px","ocean_menu_typo_font_weight":"","ocean_menu_typo_font_weight_tablet":"","ocean_menu_typo_font_weight_mobile":"","ocean_menu_typo_transform":"","ocean_menu_typo_transform_tablet":"","ocean_menu_typo_transform_mobile":"","ocean_menu_typo_line_height":0,"ocean_menu_typo_line_height_tablet":0,"ocean_menu_typo_line_height_mobile":0,"ocean_menu_typo_line_height_unit":"","ocean_menu_typo_spacing":0,"ocean_menu_typo_spacing_tablet":0,"ocean_menu_typo_spacing_mobile":0,"ocean_menu_typo_spacing_unit":"","ocean_menu_link_color":"","ocean_menu_link_color_hover":"","ocean_menu_link_color_active":"","ocean_menu_link_background":"","ocean_menu_link_hover_background":"","ocean_menu_link_active_background":"","ocean_menu_social_links_bg":"","ocean_menu_social_hover_links_bg":"","ocean_menu_social_links_color":"","ocean_menu_social_hover_links_color":"","ocean_disable_title":"default","ocean_disable_heading":"default","ocean_post_title":"","ocean_post_subheading":"","ocean_post_title_style":"","ocean_post_title_background_color":"","ocean_post_title_background":0,"ocean_post_title_bg_image_position":"","ocean_post_title_bg_image_attachment":"","ocean_post_title_bg_image_repeat":"","ocean_post_title_bg_image_size":"","ocean_post_title_height":0,"ocean_post_title_bg_overlay":0.5,"ocean_post_title_bg_overlay_color":"","ocean_disable_breadcrumbs":"default","ocean_breadcrumbs_color":"","ocean_breadcrumbs_separator_color":"","ocean_breadcrumbs_links_color":"","ocean_breadcrumbs_links_hover_color":"","ocean_display_footer_widgets":"default","ocean_display_footer_bottom":"default","ocean_custom_footer_template":"","omw_enable_modal_window":"enable","ocean_post_oembed":"","ocean_post_self_hosted_media":"","ocean_post_video_embed":"","ocean_link_format":"","ocean_link_format_target":"self","ocean_quote_format":"","ocean_quote_format_link":"post","ocean_gallery_link_images":"on","ocean_gallery_id":[],"footnotes":""},"categories":[25],"tags":[95],"class_list":["post-2526","post","type-post","status-publish","format-standard","has-post-thumbnail","hentry","category-jurisdiccion-internacional","tag-derechos-humanos","entry","has-media"],"yoast_head":"<!-- This site is optimized with the Yoast SEO plugin v27.4 - https:\/\/yoast.com\/product\/yoast-seo-wordpress\/ -->\n<title>70 a\u00f1os de la Declaraci\u00f3n Universal de Derechos Humanos<\/title>\n<meta name=\"description\" content=\"En reconocimiento a su historia de 70 a\u00f1os, en esta oportunidad la celebraci\u00f3n destaca el papel protag\u00f3nico que han desempe\u00f1ado los j\u00f3venes.\" \/>\n<meta name=\"robots\" content=\"index, follow, max-snippet:-1, max-image-preview:large, max-video-preview:-1\" \/>\n<link rel=\"canonical\" href=\"https:\/\/venfort.com\/es\/70-anos-declaracion-derechos-humanos\/\" \/>\n<meta property=\"og:locale\" content=\"es_ES\" \/>\n<meta property=\"og:type\" content=\"article\" \/>\n<meta property=\"og:title\" content=\"70 a\u00f1os de la Declaraci\u00f3n Universal de Derechos Humanos\" \/>\n<meta property=\"og:description\" content=\"En reconocimiento a su historia de 70 a\u00f1os, en esta oportunidad la celebraci\u00f3n destaca el papel protag\u00f3nico que han desempe\u00f1ado los j\u00f3venes.\" \/>\n<meta property=\"og:url\" content=\"https:\/\/venfort.com\/es\/70-anos-declaracion-derechos-humanos\/\" \/>\n<meta property=\"og:site_name\" content=\"Venfort\" \/>\n<meta property=\"article:publisher\" content=\"https:\/\/www.facebook.com\/venfortyabogados\" \/>\n<meta property=\"article:published_time\" content=\"2019-12-12T17:12:00+00:00\" \/>\n<meta property=\"og:image\" content=\"https:\/\/venfort.com\/wp-content\/uploads\/2020\/01\/70-anos-derechos-humanos-jovenes.jpg\" \/>\n\t<meta property=\"og:image:width\" content=\"1417\" \/>\n\t<meta property=\"og:image:height\" content=\"945\" \/>\n\t<meta property=\"og:image:type\" content=\"image\/jpeg\" \/>\n<meta name=\"author\" content=\"VENFORT\" \/>\n<meta name=\"twitter:card\" content=\"summary_large_image\" \/>\n<meta name=\"twitter:creator\" content=\"@Venfortabogados\" \/>\n<meta name=\"twitter:site\" content=\"@Venfortabogados\" \/>\n<meta name=\"twitter:label1\" content=\"Escrito por\" \/>\n\t<meta name=\"twitter:data1\" content=\"VENFORT\" \/>\n\t<meta name=\"twitter:label2\" content=\"Tiempo de lectura\" \/>\n\t<meta name=\"twitter:data2\" content=\"3 minutos\" \/>\n<script type=\"application\/ld+json\" class=\"yoast-schema-graph\">{\"@context\":\"https:\\\/\\\/schema.org\",\"@graph\":[{\"@type\":\"Article\",\"@id\":\"https:\\\/\\\/venfort.com\\\/70-anos-declaracion-derechos-humanos\\\/#article\",\"isPartOf\":{\"@id\":\"https:\\\/\\\/venfort.com\\\/70-anos-declaracion-derechos-humanos\\\/\"},\"author\":{\"name\":\"VENFORT\",\"@id\":\"https:\\\/\\\/venfort.com\\\/#\\\/schema\\\/person\\\/6c0e1de9015eb56bbbf307df50c9872e\"},\"headline\":\"70 a\u00f1os de la Declaraci\u00f3n Universal de Derechos Humanos #Standup4humanrights.\",\"datePublished\":\"2019-12-12T17:12:00+00:00\",\"mainEntityOfPage\":{\"@id\":\"https:\\\/\\\/venfort.com\\\/70-anos-declaracion-derechos-humanos\\\/\"},\"wordCount\":584,\"publisher\":{\"@id\":\"https:\\\/\\\/venfort.com\\\/#organization\"},\"image\":{\"@id\":\"https:\\\/\\\/venfort.com\\\/70-anos-declaracion-derechos-humanos\\\/#primaryimage\"},\"thumbnailUrl\":\"https:\\\/\\\/venfort.com\\\/wp-content\\\/uploads\\\/2020\\\/01\\\/70-anos-derechos-humanos-jovenes.jpg\",\"keywords\":[\"Derechos Humanos\"],\"articleSection\":[\"Jurisdicci\u00f3n Internacional\"],\"inLanguage\":\"es\"},{\"@type\":\"WebPage\",\"@id\":\"https:\\\/\\\/venfort.com\\\/70-anos-declaracion-derechos-humanos\\\/\",\"url\":\"https:\\\/\\\/venfort.com\\\/70-anos-declaracion-derechos-humanos\\\/\",\"name\":\"70 a\u00f1os de la Declaraci\u00f3n Universal de Derechos Humanos\",\"isPartOf\":{\"@id\":\"https:\\\/\\\/venfort.com\\\/#website\"},\"primaryImageOfPage\":{\"@id\":\"https:\\\/\\\/venfort.com\\\/70-anos-declaracion-derechos-humanos\\\/#primaryimage\"},\"image\":{\"@id\":\"https:\\\/\\\/venfort.com\\\/70-anos-declaracion-derechos-humanos\\\/#primaryimage\"},\"thumbnailUrl\":\"https:\\\/\\\/venfort.com\\\/wp-content\\\/uploads\\\/2020\\\/01\\\/70-anos-derechos-humanos-jovenes.jpg\",\"datePublished\":\"2019-12-12T17:12:00+00:00\",\"description\":\"En reconocimiento a su historia de 70 a\u00f1os, en esta oportunidad la celebraci\u00f3n destaca el papel protag\u00f3nico que han desempe\u00f1ado los j\u00f3venes.\",\"breadcrumb\":{\"@id\":\"https:\\\/\\\/venfort.com\\\/70-anos-declaracion-derechos-humanos\\\/#breadcrumb\"},\"inLanguage\":\"es\",\"potentialAction\":[{\"@type\":\"ReadAction\",\"target\":[\"https:\\\/\\\/venfort.com\\\/70-anos-declaracion-derechos-humanos\\\/\"]}]},{\"@type\":\"ImageObject\",\"inLanguage\":\"es\",\"@id\":\"https:\\\/\\\/venfort.com\\\/70-anos-declaracion-derechos-humanos\\\/#primaryimage\",\"url\":\"https:\\\/\\\/venfort.com\\\/wp-content\\\/uploads\\\/2020\\\/01\\\/70-anos-derechos-humanos-jovenes.jpg\",\"contentUrl\":\"https:\\\/\\\/venfort.com\\\/wp-content\\\/uploads\\\/2020\\\/01\\\/70-anos-derechos-humanos-jovenes.jpg\",\"width\":1417,\"height\":945},{\"@type\":\"BreadcrumbList\",\"@id\":\"https:\\\/\\\/venfort.com\\\/70-anos-declaracion-derechos-humanos\\\/#breadcrumb\",\"itemListElement\":[{\"@type\":\"ListItem\",\"position\":1,\"name\":\"Portada\",\"item\":\"https:\\\/\\\/venfort.com\\\/\"},{\"@type\":\"ListItem\",\"position\":2,\"name\":\"70 a\u00f1os de la Declaraci\u00f3n Universal de Derechos Humanos #Standup4humanrights.\"}]},{\"@type\":\"WebSite\",\"@id\":\"https:\\\/\\\/venfort.com\\\/#website\",\"url\":\"https:\\\/\\\/venfort.com\\\/\",\"name\":\"Venfort\",\"description\":\"Firma de Abogados | Derecho Penal Econ\u00f3mico, Derecho Penal Internacional, Derecho de Empresas, Derecho Financiero, Derecho Administrativo, Derecho Civil y Sucesiones Internacionales\",\"publisher\":{\"@id\":\"https:\\\/\\\/venfort.com\\\/#organization\"},\"alternateName\":\"VENFORT\",\"potentialAction\":[{\"@type\":\"SearchAction\",\"target\":{\"@type\":\"EntryPoint\",\"urlTemplate\":\"https:\\\/\\\/venfort.com\\\/?s={search_term_string}\"},\"query-input\":{\"@type\":\"PropertyValueSpecification\",\"valueRequired\":true,\"valueName\":\"search_term_string\"}}],\"inLanguage\":\"es\"},{\"@type\":\"Organization\",\"@id\":\"https:\\\/\\\/venfort.com\\\/#organization\",\"name\":\"Venfort Abogados\",\"alternateName\":\"VENFORT\",\"url\":\"https:\\\/\\\/venfort.com\\\/\",\"logo\":{\"@type\":\"ImageObject\",\"inLanguage\":\"es\",\"@id\":\"https:\\\/\\\/venfort.com\\\/#\\\/schema\\\/logo\\\/image\\\/\",\"url\":\"https:\\\/\\\/venfort.com\\\/wp-content\\\/uploads\\\/2026\\\/03\\\/Logo_Venfort_Horizontal_Color.png\",\"contentUrl\":\"https:\\\/\\\/venfort.com\\\/wp-content\\\/uploads\\\/2026\\\/03\\\/Logo_Venfort_Horizontal_Color.png\",\"width\":1000,\"height\":237,\"caption\":\"Venfort Abogados\"},\"image\":{\"@id\":\"https:\\\/\\\/venfort.com\\\/#\\\/schema\\\/logo\\\/image\\\/\"},\"sameAs\":[\"https:\\\/\\\/www.facebook.com\\\/venfortyabogados\",\"https:\\\/\\\/x.com\\\/Venfortabogados\",\"https:\\\/\\\/www.linkedin.com\\\/company\\\/venfort-aldana-abogados\",\"https:\\\/\\\/www.instagram.com\\\/venfortabogados\"]},{\"@type\":\"Person\",\"@id\":\"https:\\\/\\\/venfort.com\\\/#\\\/schema\\\/person\\\/6c0e1de9015eb56bbbf307df50c9872e\",\"name\":\"VENFORT\",\"image\":{\"@type\":\"ImageObject\",\"inLanguage\":\"es\",\"@id\":\"https:\\\/\\\/secure.gravatar.com\\\/avatar\\\/4d96769bd368e8f15c4aec9dce5b759ea0d3a49ad69242757e358a4ec75eba02?s=96&d=mm&r=g\",\"url\":\"https:\\\/\\\/secure.gravatar.com\\\/avatar\\\/4d96769bd368e8f15c4aec9dce5b759ea0d3a49ad69242757e358a4ec75eba02?s=96&d=mm&r=g\",\"contentUrl\":\"https:\\\/\\\/secure.gravatar.com\\\/avatar\\\/4d96769bd368e8f15c4aec9dce5b759ea0d3a49ad69242757e358a4ec75eba02?s=96&d=mm&r=g\",\"caption\":\"VENFORT\"},\"url\":\"https:\\\/\\\/venfort.com\\\/es\\\/author\\\/venfortadmin\\\/\"}]}<\/script>\n<!-- \/ Yoast SEO plugin. -->","yoast_head_json":{"title":"70 a\u00f1os de la Declaraci\u00f3n Universal de Derechos Humanos","description":"En reconocimiento a su historia de 70 a\u00f1os, en esta oportunidad la celebraci\u00f3n destaca el papel protag\u00f3nico que han desempe\u00f1ado los j\u00f3venes.","robots":{"index":"index","follow":"follow","max-snippet":"max-snippet:-1","max-image-preview":"max-image-preview:large","max-video-preview":"max-video-preview:-1"},"canonical":"https:\/\/venfort.com\/es\/70-anos-declaracion-derechos-humanos\/","og_locale":"es_ES","og_type":"article","og_title":"70 a\u00f1os de la Declaraci\u00f3n Universal de Derechos Humanos","og_description":"En reconocimiento a su historia de 70 a\u00f1os, en esta oportunidad la celebraci\u00f3n destaca el papel protag\u00f3nico que han desempe\u00f1ado los j\u00f3venes.","og_url":"https:\/\/venfort.com\/es\/70-anos-declaracion-derechos-humanos\/","og_site_name":"Venfort","article_publisher":"https:\/\/www.facebook.com\/venfortyabogados","article_published_time":"2019-12-12T17:12:00+00:00","og_image":[{"width":1417,"height":945,"url":"https:\/\/venfort.com\/wp-content\/uploads\/2020\/01\/70-anos-derechos-humanos-jovenes.jpg","type":"image\/jpeg"}],"author":"VENFORT","twitter_card":"summary_large_image","twitter_creator":"@Venfortabogados","twitter_site":"@Venfortabogados","twitter_misc":{"Escrito por":"VENFORT","Tiempo de lectura":"3 minutos"},"schema":{"@context":"https:\/\/schema.org","@graph":[{"@type":"Article","@id":"https:\/\/venfort.com\/70-anos-declaracion-derechos-humanos\/#article","isPartOf":{"@id":"https:\/\/venfort.com\/70-anos-declaracion-derechos-humanos\/"},"author":{"name":"VENFORT","@id":"https:\/\/venfort.com\/#\/schema\/person\/6c0e1de9015eb56bbbf307df50c9872e"},"headline":"70 a\u00f1os de la Declaraci\u00f3n Universal de Derechos Humanos #Standup4humanrights.","datePublished":"2019-12-12T17:12:00+00:00","mainEntityOfPage":{"@id":"https:\/\/venfort.com\/70-anos-declaracion-derechos-humanos\/"},"wordCount":584,"publisher":{"@id":"https:\/\/venfort.com\/#organization"},"image":{"@id":"https:\/\/venfort.com\/70-anos-declaracion-derechos-humanos\/#primaryimage"},"thumbnailUrl":"https:\/\/venfort.com\/wp-content\/uploads\/2020\/01\/70-anos-derechos-humanos-jovenes.jpg","keywords":["Derechos Humanos"],"articleSection":["Jurisdicci\u00f3n Internacional"],"inLanguage":"es"},{"@type":"WebPage","@id":"https:\/\/venfort.com\/70-anos-declaracion-derechos-humanos\/","url":"https:\/\/venfort.com\/70-anos-declaracion-derechos-humanos\/","name":"70 a\u00f1os de la Declaraci\u00f3n Universal de Derechos Humanos","isPartOf":{"@id":"https:\/\/venfort.com\/#website"},"primaryImageOfPage":{"@id":"https:\/\/venfort.com\/70-anos-declaracion-derechos-humanos\/#primaryimage"},"image":{"@id":"https:\/\/venfort.com\/70-anos-declaracion-derechos-humanos\/#primaryimage"},"thumbnailUrl":"https:\/\/venfort.com\/wp-content\/uploads\/2020\/01\/70-anos-derechos-humanos-jovenes.jpg","datePublished":"2019-12-12T17:12:00+00:00","description":"En reconocimiento a su historia de 70 a\u00f1os, en esta oportunidad la celebraci\u00f3n destaca el papel protag\u00f3nico que han desempe\u00f1ado los j\u00f3venes.","breadcrumb":{"@id":"https:\/\/venfort.com\/70-anos-declaracion-derechos-humanos\/#breadcrumb"},"inLanguage":"es","potentialAction":[{"@type":"ReadAction","target":["https:\/\/venfort.com\/70-anos-declaracion-derechos-humanos\/"]}]},{"@type":"ImageObject","inLanguage":"es","@id":"https:\/\/venfort.com\/70-anos-declaracion-derechos-humanos\/#primaryimage","url":"https:\/\/venfort.com\/wp-content\/uploads\/2020\/01\/70-anos-derechos-humanos-jovenes.jpg","contentUrl":"https:\/\/venfort.com\/wp-content\/uploads\/2020\/01\/70-anos-derechos-humanos-jovenes.jpg","width":1417,"height":945},{"@type":"BreadcrumbList","@id":"https:\/\/venfort.com\/70-anos-declaracion-derechos-humanos\/#breadcrumb","itemListElement":[{"@type":"ListItem","position":1,"name":"Portada","item":"https:\/\/venfort.com\/"},{"@type":"ListItem","position":2,"name":"70 a\u00f1os de la Declaraci\u00f3n Universal de Derechos Humanos #Standup4humanrights."}]},{"@type":"WebSite","@id":"https:\/\/venfort.com\/#website","url":"https:\/\/venfort.com\/","name":"Venfort","description":"Firma de Abogados | Derecho Penal Econ\u00f3mico, Derecho Penal Internacional, Derecho de Empresas, Derecho Financiero, Derecho Administrativo, Derecho Civil y Sucesiones Internacionales","publisher":{"@id":"https:\/\/venfort.com\/#organization"},"alternateName":"VENFORT","potentialAction":[{"@type":"SearchAction","target":{"@type":"EntryPoint","urlTemplate":"https:\/\/venfort.com\/?s={search_term_string}"},"query-input":{"@type":"PropertyValueSpecification","valueRequired":true,"valueName":"search_term_string"}}],"inLanguage":"es"},{"@type":"Organization","@id":"https:\/\/venfort.com\/#organization","name":"Venfort Abogados","alternateName":"VENFORT","url":"https:\/\/venfort.com\/","logo":{"@type":"ImageObject","inLanguage":"es","@id":"https:\/\/venfort.com\/#\/schema\/logo\/image\/","url":"https:\/\/venfort.com\/wp-content\/uploads\/2026\/03\/Logo_Venfort_Horizontal_Color.png","contentUrl":"https:\/\/venfort.com\/wp-content\/uploads\/2026\/03\/Logo_Venfort_Horizontal_Color.png","width":1000,"height":237,"caption":"Venfort Abogados"},"image":{"@id":"https:\/\/venfort.com\/#\/schema\/logo\/image\/"},"sameAs":["https:\/\/www.facebook.com\/venfortyabogados","https:\/\/x.com\/Venfortabogados","https:\/\/www.linkedin.com\/company\/venfort-aldana-abogados","https:\/\/www.instagram.com\/venfortabogados"]},{"@type":"Person","@id":"https:\/\/venfort.com\/#\/schema\/person\/6c0e1de9015eb56bbbf307df50c9872e","name":"VENFORT","image":{"@type":"ImageObject","inLanguage":"es","@id":"https:\/\/secure.gravatar.com\/avatar\/4d96769bd368e8f15c4aec9dce5b759ea0d3a49ad69242757e358a4ec75eba02?s=96&d=mm&r=g","url":"https:\/\/secure.gravatar.com\/avatar\/4d96769bd368e8f15c4aec9dce5b759ea0d3a49ad69242757e358a4ec75eba02?s=96&d=mm&r=g","contentUrl":"https:\/\/secure.gravatar.com\/avatar\/4d96769bd368e8f15c4aec9dce5b759ea0d3a49ad69242757e358a4ec75eba02?s=96&d=mm&r=g","caption":"VENFORT"},"url":"https:\/\/venfort.com\/es\/author\/venfortadmin\/"}]}},"_links":{"self":[{"href":"https:\/\/venfort.com\/es\/wp-json\/wp\/v2\/posts\/2526","targetHints":{"allow":["GET"]}}],"collection":[{"href":"https:\/\/venfort.com\/es\/wp-json\/wp\/v2\/posts"}],"about":[{"href":"https:\/\/venfort.com\/es\/wp-json\/wp\/v2\/types\/post"}],"author":[{"embeddable":true,"href":"https:\/\/venfort.com\/es\/wp-json\/wp\/v2\/users\/1"}],"replies":[{"embeddable":true,"href":"https:\/\/venfort.com\/es\/wp-json\/wp\/v2\/comments?post=2526"}],"version-history":[{"count":0,"href":"https:\/\/venfort.com\/es\/wp-json\/wp\/v2\/posts\/2526\/revisions"}],"wp:featuredmedia":[{"embeddable":true,"href":"https:\/\/venfort.com\/es\/wp-json\/wp\/v2\/media\/2527"}],"wp:attachment":[{"href":"https:\/\/venfort.com\/es\/wp-json\/wp\/v2\/media?parent=2526"}],"wp:term":[{"taxonomy":"category","embeddable":true,"href":"https:\/\/venfort.com\/es\/wp-json\/wp\/v2\/categories?post=2526"},{"taxonomy":"post_tag","embeddable":true,"href":"https:\/\/venfort.com\/es\/wp-json\/wp\/v2\/tags?post=2526"}],"curies":[{"name":"wp","href":"https:\/\/api.w.org\/{rel}","templated":true}]}}