{"id":3873,"date":"2025-03-18T16:08:00","date_gmt":"2025-03-18T20:08:00","guid":{"rendered":"https:\/\/venfort.com\/?p=3873"},"modified":"2025-03-18T16:08:01","modified_gmt":"2025-03-18T20:08:01","slug":"rodrigo-duarte-en-custodia-de-la-cpi","status":"publish","type":"post","link":"https:\/\/venfort.com\/es\/rodrigo-duarte-en-custodia-de-la-cpi\/","title":{"rendered":"Rodrigo Duterte en Custodia de la CPI:Un Precedente Clave para la JusticiaPenal Internacional"},"content":{"rendered":"\n<p>El 12 de marzo de 2025, el expresidente de Filipinas, Rodrigo Roa Duterte, fue entregado a la Corte Penal Internacional (CPI), convirti\u00e9ndose en una de las figuras pol\u00edticas m\u00e1s relevantes en enfrentar cargos por cr\u00edmenes contra la humanidad. Este acontecimiento marca un hito al reforzar la capacidad de la CPI para procesar l\u00edderes acusados de delitos atroces, pese a los intentos de ciertos Estados de eludir su jurisdicci\u00f3n al retirarse del Estatuto de Roma, como lo hizo Filipinas en 2019.<\/p>\n\n\n\n<h2 class=\"wp-block-heading\">Antecedentes del Caso Duterte<\/h2>\n\n\n\n<p>Duterte, quien gobern\u00f3 Filipinas desde 2016 hasta 2022, implement\u00f3 una pol\u00edtica de \u00abguerra contra las drogas\u00bb caracterizada, seg\u00fan la Fiscal\u00eda de la CPI, por ejecuciones extrajudiciales de presuntos delincuentes. Sin embargo, su presunta implicaci\u00f3n en cr\u00edmenes contra la humanidad se remonta a su per\u00edodo como alcalde de Davao, donde supuestamente dirigi\u00f3 el Davao Death Squad (DDS), un grupo paramilitar responsable de cientos de asesinatos.<\/p>\n\n\n\n<p>El 10 de febrero de 2025, la Fiscal\u00eda de la CPI solicit\u00f3 una orden de arresto contra<br>Duterte por su papel como coautor indirecto en los cr\u00edmenes de asesinato, tortura y violaci\u00f3n. La Sala de Cuestiones Preliminares I encontr\u00f3 motivos razonables para considerarlo responsable de estos cr\u00edmenes, se\u00f1alando que los ataques fueron generalizados y sistem\u00e1ticos, afectando a miles de personas entre 2011 y 2019.<\/p>\n\n\n\n<p>Por ello, la Sala de Cuestiones Preliminares acord\u00f3 la orden de aprehensi\u00f3n<br>internacional, ejecutada a trav\u00e9s del enlace especial entre la CPI e INTERPOL, lo<br>que permiti\u00f3 la detenci\u00f3n y entrega de Duterte a la sede del tribunal en La Haya, Pa\u00edses Bajos.<\/p>\n\n\n\n<h2 class=\"wp-block-heading\">Jurisdicci\u00f3n de la CPI en Filipinas<\/h2>\n\n\n\n<p>Filipinas fue Estado Parte del Estatuto de Roma desde el 1 de noviembre de 2011<br>hasta su retiro formal el 17 de marzo de 2019. No obstante, la CPI mantiene<br>jurisdicci\u00f3n sobre los delitos cometidos durante ese per\u00edodo, lo que ha permitido<br>continuar con la investigaci\u00f3n a pesar de la retirada del pa\u00eds.<\/p>\n\n\n\n<p>Este caso establece un precedente clave en la justiciabilidad de l\u00edderes pol\u00edticos,<br>evidenciando que la renuncia a la CPI no exime a los Estados de su esponsabilidad<br>por cr\u00edmenes cometidos durante su membres\u00eda. Este principio es fundamental para la protecci\u00f3n de los derechos humanos y la consolidaci\u00f3n del derecho penal<br>internacional.<\/p>\n\n\n\n<h2 class=\"wp-block-heading\">Implicaciones para el Derecho Penal Internacional<\/h2>\n\n\n\n<p>La entrega de Duterte a la CPI env\u00eda un mensaje contundente a mandatarios y exjefes de Estado que podr\u00edan enfrentar procesos similares en el futuro. Las \u00f3rdenes de arresto de la CPI han demostrado ser efectivas en diversos contextos, incluso contra l\u00edderes con poder pol\u00edtico considerable, como ocurri\u00f3 con el expresidente sudan\u00e9s Omar al-Bashir.<\/p>\n\n\n\n<p>Adem\u00e1s, este caso refuerza la cooperaci\u00f3n internacional en materia de extradici\u00f3n y entrega de criminales de guerra, consolidando el papel de la CPI como un tribunal de \u00faltima instancia cuando los sistemas nacionales no garantizan la rendici\u00f3n de cuentas.<\/p>\n\n\n\n<h2 class=\"wp-block-heading\">El Rol de la Defensa en la CPI<\/h2>\n\n\n\n<p>A pesar de la gravedad de las acusaciones, Duterte conserva su derecho a una defensa t\u00e9cnica especializada bajo el Estatuto de Roma. En VENFORT Abogados, contamos con una s\u00f3lida experiencia en la defensa de clientes ante tribunales internacionales, incluyendo la CPI.<\/p>\n\n\n\n<p>Nuestra firma ofrece asesoramiento integral en casos de:<br>\u2705 Extradici\u00f3n internacional<br>\u2705 Persecuci\u00f3n pol\u00edtica<br>\u2705 Defensa en procedimientos ante la CPI y otros organismos internacionales<\/p>\n\n\n\n<p>Brindamos una estrategia jur\u00eddica efectiva para garantizar la protecci\u00f3n de los<br>derechos de nuestros clientes en los escenarios legales m\u00e1s complejos.<\/p>\n\n\n\n<h2 class=\"wp-block-heading\">Conclusi\u00f3n<\/h2>\n\n\n\n<p>La entrega de Rodrigo Duterte a la CPI representa un avance sin precedentes en la<br>lucha contra la impunidad y un recordatorio de que los cr\u00edmenes contra la<br>humanidad no prescriben. Este caso ser\u00e1 clave para la evoluci\u00f3n del derecho penal internacional y para el futuro de la responsabilidad penal de los l\u00edderes pol\u00edticos.<\/p>\n\n\n\n<p>En VENFORT Abogados, nos mantenemos atentos a este y otros casos de<br>trascendencia global, brindando asesor\u00eda a empresarios, l\u00edderes pol\u00edticos y altos<br>funcionarios que requieren una defensa efectiva ante organismos internacionales.<\/p>\n\n\n\n<p>Si necesitas asesoramiento en casos de derecho penal internacional o procesos de<br>extradici\u00f3n, cont\u00e1ctanos. Nuestra experiencia en litigios transnacionales nos<br>convierte en aliados estrat\u00e9gicos para enfrentar estos desaf\u00edos legales.<\/p>\n","protected":false},"excerpt":{"rendered":"<p>El 12 de marzo de 2025, el expresidente de Filipinas, Rodrigo Roa Duterte, fue entregado a la Corte Penal Internacional (CPI), convirti\u00e9ndose en una de las figuras pol\u00edticas m\u00e1s relevantes en enfrentar cargos por cr\u00edmenes contra la humanidad. Este acontecimiento marca un hito al reforzar la capacidad de la CPI para procesar l\u00edderes acusados de [&hellip;]<\/p>\n","protected":false},"author":1,"featured_media":3874,"comment_status":"closed","ping_status":"closed","sticky":false,"template":"","format":"standard","meta":{"inline_featured_image":false,"ocean_post_layout":"","ocean_both_sidebars_style":"","ocean_both_sidebars_content_width":0,"ocean_both_sidebars_sidebars_width":0,"ocean_sidebar":"","ocean_second_sidebar":"","ocean_disable_margins":"enable","ocean_add_body_class":"","ocean_shortcode_before_top_bar":"","ocean_shortcode_after_top_bar":"","ocean_shortcode_before_header":"","ocean_shortcode_after_header":"","ocean_has_shortcode":"","ocean_shortcode_after_title":"","ocean_shortcode_before_footer_widgets":"","ocean_shortcode_after_footer_widgets":"","ocean_shortcode_before_footer_bottom":"","ocean_shortcode_after_footer_bottom":"","ocean_display_top_bar":"default","ocean_display_header":"default","ocean_header_style":"","ocean_center_header_left_menu":"","ocean_custom_header_template":"","ocean_custom_logo":0,"ocean_custom_retina_logo":0,"ocean_custom_logo_max_width":0,"ocean_custom_logo_tablet_max_width":0,"ocean_custom_logo_mobile_max_width":0,"ocean_custom_logo_max_height":0,"ocean_custom_logo_tablet_max_height":0,"ocean_custom_logo_mobile_max_height":0,"ocean_header_custom_menu":"","ocean_menu_typo_font_family":"","ocean_menu_typo_font_subset":"","ocean_menu_typo_font_size":0,"ocean_menu_typo_font_size_tablet":0,"ocean_menu_typo_font_size_mobile":0,"ocean_menu_typo_font_size_unit":"px","ocean_menu_typo_font_weight":"","ocean_menu_typo_font_weight_tablet":"","ocean_menu_typo_font_weight_mobile":"","ocean_menu_typo_transform":"","ocean_menu_typo_transform_tablet":"","ocean_menu_typo_transform_mobile":"","ocean_menu_typo_line_height":0,"ocean_menu_typo_line_height_tablet":0,"ocean_menu_typo_line_height_mobile":0,"ocean_menu_typo_line_height_unit":"","ocean_menu_typo_spacing":0,"ocean_menu_typo_spacing_tablet":0,"ocean_menu_typo_spacing_mobile":0,"ocean_menu_typo_spacing_unit":"","ocean_menu_link_color":"","ocean_menu_link_color_hover":"","ocean_menu_link_color_active":"","ocean_menu_link_background":"","ocean_menu_link_hover_background":"","ocean_menu_link_active_background":"","ocean_menu_social_links_bg":"","ocean_menu_social_hover_links_bg":"","ocean_menu_social_links_color":"","ocean_menu_social_hover_links_color":"","ocean_disable_title":"default","ocean_disable_heading":"default","ocean_post_title":"","ocean_post_subheading":"","ocean_post_title_style":"","ocean_post_title_background_color":"","ocean_post_title_background":0,"ocean_post_title_bg_image_position":"","ocean_post_title_bg_image_attachment":"","ocean_post_title_bg_image_repeat":"","ocean_post_title_bg_image_size":"","ocean_post_title_height":0,"ocean_post_title_bg_overlay":0.5,"ocean_post_title_bg_overlay_color":"","ocean_disable_breadcrumbs":"default","ocean_breadcrumbs_color":"","ocean_breadcrumbs_separator_color":"","ocean_breadcrumbs_links_color":"","ocean_breadcrumbs_links_hover_color":"","ocean_display_footer_widgets":"default","ocean_display_footer_bottom":"default","ocean_custom_footer_template":"","omw_enable_modal_window":"enable","ocean_post_oembed":"","ocean_post_self_hosted_media":"","ocean_post_video_embed":"","ocean_link_format":"","ocean_link_format_target":"self","ocean_quote_format":"","ocean_quote_format_link":"post","ocean_gallery_link_images":"on","ocean_gallery_id":[],"footnotes":""},"categories":[519],"tags":[],"class_list":["post-3873","post","type-post","status-publish","format-standard","has-post-thumbnail","hentry","category-derecho-penal-internacional","entry","has-media"],"yoast_head":"<!-- This site is optimized with the Yoast SEO plugin v27.4 - https:\/\/yoast.com\/product\/yoast-seo-wordpress\/ -->\n<title>Rodrigo Duterte en Custodia de la CPI:Un Precedente Clave para la JusticiaPenal Internacional - Venfort<\/title>\n<meta name=\"description\" content=\"Duterte, quien gobern\u00f3 Filipinas desde 2016 hasta 2022, implement\u00f3 una pol\u00edtica de &quot;guerra contra las drogas&quot; caracterizada, seg\u00fan la Fiscal\u00eda de la CPI, por ejecuciones extrajudiciales de presuntos delincuentes.\" \/>\n<meta name=\"robots\" content=\"index, follow, max-snippet:-1, max-image-preview:large, max-video-preview:-1\" \/>\n<link rel=\"canonical\" href=\"https:\/\/venfort.com\/es\/rodrigo-duarte-en-custodia-de-la-cpi\/\" \/>\n<meta property=\"og:locale\" content=\"es_ES\" \/>\n<meta property=\"og:type\" content=\"article\" \/>\n<meta property=\"og:title\" content=\"Rodrigo Duterte en Custodia de la CPI:Un Precedente Clave para la JusticiaPenal Internacional - Venfort\" \/>\n<meta property=\"og:description\" content=\"Duterte, quien gobern\u00f3 Filipinas desde 2016 hasta 2022, implement\u00f3 una pol\u00edtica de &quot;guerra contra las drogas&quot; caracterizada, seg\u00fan la Fiscal\u00eda de la CPI, por ejecuciones extrajudiciales de presuntos delincuentes.\" \/>\n<meta property=\"og:url\" content=\"https:\/\/venfort.com\/es\/rodrigo-duarte-en-custodia-de-la-cpi\/\" \/>\n<meta property=\"og:site_name\" content=\"Venfort\" \/>\n<meta property=\"article:publisher\" content=\"https:\/\/www.facebook.com\/venfortyabogados\" \/>\n<meta property=\"article:published_time\" content=\"2025-03-18T20:08:00+00:00\" \/>\n<meta property=\"article:modified_time\" content=\"2025-03-18T20:08:01+00:00\" \/>\n<meta property=\"og:image\" content=\"https:\/\/venfort.com\/wp-content\/uploads\/2025\/03\/blogs_bloga-2-scaled.jpg\" \/>\n\t<meta property=\"og:image:width\" content=\"2560\" \/>\n\t<meta property=\"og:image:height\" content=\"854\" \/>\n\t<meta property=\"og:image:type\" content=\"image\/jpeg\" \/>\n<meta name=\"author\" content=\"VENFORT\" \/>\n<meta name=\"twitter:card\" content=\"summary_large_image\" \/>\n<meta name=\"twitter:creator\" content=\"@Venfortabogados\" \/>\n<meta name=\"twitter:site\" content=\"@Venfortabogados\" \/>\n<meta name=\"twitter:label1\" content=\"Escrito por\" \/>\n\t<meta name=\"twitter:data1\" content=\"VENFORT\" \/>\n\t<meta name=\"twitter:label2\" content=\"Tiempo de lectura\" \/>\n\t<meta name=\"twitter:data2\" content=\"4 minutos\" \/>\n<script type=\"application\/ld+json\" class=\"yoast-schema-graph\">{\"@context\":\"https:\\\/\\\/schema.org\",\"@graph\":[{\"@type\":\"Article\",\"@id\":\"https:\\\/\\\/venfort.com\\\/rodrigo-duarte-en-custodia-de-la-cpi\\\/#article\",\"isPartOf\":{\"@id\":\"https:\\\/\\\/venfort.com\\\/rodrigo-duarte-en-custodia-de-la-cpi\\\/\"},\"author\":{\"name\":\"VENFORT\",\"@id\":\"https:\\\/\\\/venfort.com\\\/#\\\/schema\\\/person\\\/6c0e1de9015eb56bbbf307df50c9872e\"},\"headline\":\"Rodrigo Duterte en Custodia de la CPI:Un Precedente Clave para la JusticiaPenal Internacional\",\"datePublished\":\"2025-03-18T20:08:00+00:00\",\"dateModified\":\"2025-03-18T20:08:01+00:00\",\"mainEntityOfPage\":{\"@id\":\"https:\\\/\\\/venfort.com\\\/rodrigo-duarte-en-custodia-de-la-cpi\\\/\"},\"wordCount\":720,\"publisher\":{\"@id\":\"https:\\\/\\\/venfort.com\\\/#organization\"},\"image\":{\"@id\":\"https:\\\/\\\/venfort.com\\\/rodrigo-duarte-en-custodia-de-la-cpi\\\/#primaryimage\"},\"thumbnailUrl\":\"https:\\\/\\\/venfort.com\\\/wp-content\\\/uploads\\\/2025\\\/03\\\/blogs_bloga-2-scaled.jpg\",\"articleSection\":[\"Derecho Penal Internacional\"],\"inLanguage\":\"es\"},{\"@type\":\"WebPage\",\"@id\":\"https:\\\/\\\/venfort.com\\\/rodrigo-duarte-en-custodia-de-la-cpi\\\/\",\"url\":\"https:\\\/\\\/venfort.com\\\/rodrigo-duarte-en-custodia-de-la-cpi\\\/\",\"name\":\"Rodrigo Duterte en Custodia de la CPI:Un Precedente Clave para la JusticiaPenal Internacional - Venfort\",\"isPartOf\":{\"@id\":\"https:\\\/\\\/venfort.com\\\/#website\"},\"primaryImageOfPage\":{\"@id\":\"https:\\\/\\\/venfort.com\\\/rodrigo-duarte-en-custodia-de-la-cpi\\\/#primaryimage\"},\"image\":{\"@id\":\"https:\\\/\\\/venfort.com\\\/rodrigo-duarte-en-custodia-de-la-cpi\\\/#primaryimage\"},\"thumbnailUrl\":\"https:\\\/\\\/venfort.com\\\/wp-content\\\/uploads\\\/2025\\\/03\\\/blogs_bloga-2-scaled.jpg\",\"datePublished\":\"2025-03-18T20:08:00+00:00\",\"dateModified\":\"2025-03-18T20:08:01+00:00\",\"description\":\"Duterte, quien gobern\u00f3 Filipinas desde 2016 hasta 2022, implement\u00f3 una pol\u00edtica de \\\"guerra contra las drogas\\\" caracterizada, seg\u00fan la Fiscal\u00eda de la CPI, por ejecuciones extrajudiciales de presuntos delincuentes.\",\"breadcrumb\":{\"@id\":\"https:\\\/\\\/venfort.com\\\/rodrigo-duarte-en-custodia-de-la-cpi\\\/#breadcrumb\"},\"inLanguage\":\"es\",\"potentialAction\":[{\"@type\":\"ReadAction\",\"target\":[\"https:\\\/\\\/venfort.com\\\/rodrigo-duarte-en-custodia-de-la-cpi\\\/\"]}]},{\"@type\":\"ImageObject\",\"inLanguage\":\"es\",\"@id\":\"https:\\\/\\\/venfort.com\\\/rodrigo-duarte-en-custodia-de-la-cpi\\\/#primaryimage\",\"url\":\"https:\\\/\\\/venfort.com\\\/wp-content\\\/uploads\\\/2025\\\/03\\\/blogs_bloga-2-scaled.jpg\",\"contentUrl\":\"https:\\\/\\\/venfort.com\\\/wp-content\\\/uploads\\\/2025\\\/03\\\/blogs_bloga-2-scaled.jpg\",\"width\":2560,\"height\":854},{\"@type\":\"BreadcrumbList\",\"@id\":\"https:\\\/\\\/venfort.com\\\/rodrigo-duarte-en-custodia-de-la-cpi\\\/#breadcrumb\",\"itemListElement\":[{\"@type\":\"ListItem\",\"position\":1,\"name\":\"Portada\",\"item\":\"https:\\\/\\\/venfort.com\\\/\"},{\"@type\":\"ListItem\",\"position\":2,\"name\":\"Rodrigo Duterte en Custodia de la CPI:Un Precedente Clave para la JusticiaPenal Internacional\"}]},{\"@type\":\"WebSite\",\"@id\":\"https:\\\/\\\/venfort.com\\\/#website\",\"url\":\"https:\\\/\\\/venfort.com\\\/\",\"name\":\"Venfort\",\"description\":\"Firma de Abogados | Derecho Penal Econ\u00f3mico, Derecho Penal Internacional, Derecho de Empresas, Derecho Financiero, Derecho Administrativo, Derecho Civil y Sucesiones Internacionales\",\"publisher\":{\"@id\":\"https:\\\/\\\/venfort.com\\\/#organization\"},\"alternateName\":\"VENFORT\",\"potentialAction\":[{\"@type\":\"SearchAction\",\"target\":{\"@type\":\"EntryPoint\",\"urlTemplate\":\"https:\\\/\\\/venfort.com\\\/?s={search_term_string}\"},\"query-input\":{\"@type\":\"PropertyValueSpecification\",\"valueRequired\":true,\"valueName\":\"search_term_string\"}}],\"inLanguage\":\"es\"},{\"@type\":\"Organization\",\"@id\":\"https:\\\/\\\/venfort.com\\\/#organization\",\"name\":\"Venfort Abogados\",\"alternateName\":\"VENFORT\",\"url\":\"https:\\\/\\\/venfort.com\\\/\",\"logo\":{\"@type\":\"ImageObject\",\"inLanguage\":\"es\",\"@id\":\"https:\\\/\\\/venfort.com\\\/#\\\/schema\\\/logo\\\/image\\\/\",\"url\":\"https:\\\/\\\/venfort.com\\\/wp-content\\\/uploads\\\/2026\\\/03\\\/Logo_Venfort_Horizontal_Color.png\",\"contentUrl\":\"https:\\\/\\\/venfort.com\\\/wp-content\\\/uploads\\\/2026\\\/03\\\/Logo_Venfort_Horizontal_Color.png\",\"width\":1000,\"height\":237,\"caption\":\"Venfort Abogados\"},\"image\":{\"@id\":\"https:\\\/\\\/venfort.com\\\/#\\\/schema\\\/logo\\\/image\\\/\"},\"sameAs\":[\"https:\\\/\\\/www.facebook.com\\\/venfortyabogados\",\"https:\\\/\\\/x.com\\\/Venfortabogados\",\"https:\\\/\\\/www.linkedin.com\\\/company\\\/venfort-aldana-abogados\",\"https:\\\/\\\/www.instagram.com\\\/venfortabogados\"]},{\"@type\":\"Person\",\"@id\":\"https:\\\/\\\/venfort.com\\\/#\\\/schema\\\/person\\\/6c0e1de9015eb56bbbf307df50c9872e\",\"name\":\"VENFORT\",\"image\":{\"@type\":\"ImageObject\",\"inLanguage\":\"es\",\"@id\":\"https:\\\/\\\/secure.gravatar.com\\\/avatar\\\/4d96769bd368e8f15c4aec9dce5b759ea0d3a49ad69242757e358a4ec75eba02?s=96&d=mm&r=g\",\"url\":\"https:\\\/\\\/secure.gravatar.com\\\/avatar\\\/4d96769bd368e8f15c4aec9dce5b759ea0d3a49ad69242757e358a4ec75eba02?s=96&d=mm&r=g\",\"contentUrl\":\"https:\\\/\\\/secure.gravatar.com\\\/avatar\\\/4d96769bd368e8f15c4aec9dce5b759ea0d3a49ad69242757e358a4ec75eba02?s=96&d=mm&r=g\",\"caption\":\"VENFORT\"},\"url\":\"https:\\\/\\\/venfort.com\\\/es\\\/author\\\/venfortadmin\\\/\"}]}<\/script>\n<!-- \/ Yoast SEO plugin. -->","yoast_head_json":{"title":"Rodrigo Duterte en Custodia de la CPI:Un Precedente Clave para la JusticiaPenal Internacional - Venfort","description":"Duterte, quien gobern\u00f3 Filipinas desde 2016 hasta 2022, implement\u00f3 una pol\u00edtica de \"guerra contra las drogas\" caracterizada, seg\u00fan la Fiscal\u00eda de la CPI, por ejecuciones extrajudiciales de presuntos delincuentes.","robots":{"index":"index","follow":"follow","max-snippet":"max-snippet:-1","max-image-preview":"max-image-preview:large","max-video-preview":"max-video-preview:-1"},"canonical":"https:\/\/venfort.com\/es\/rodrigo-duarte-en-custodia-de-la-cpi\/","og_locale":"es_ES","og_type":"article","og_title":"Rodrigo Duterte en Custodia de la CPI:Un Precedente Clave para la JusticiaPenal Internacional - Venfort","og_description":"Duterte, quien gobern\u00f3 Filipinas desde 2016 hasta 2022, implement\u00f3 una pol\u00edtica de \"guerra contra las drogas\" caracterizada, seg\u00fan la Fiscal\u00eda de la CPI, por ejecuciones extrajudiciales de presuntos delincuentes.","og_url":"https:\/\/venfort.com\/es\/rodrigo-duarte-en-custodia-de-la-cpi\/","og_site_name":"Venfort","article_publisher":"https:\/\/www.facebook.com\/venfortyabogados","article_published_time":"2025-03-18T20:08:00+00:00","article_modified_time":"2025-03-18T20:08:01+00:00","og_image":[{"width":2560,"height":854,"url":"https:\/\/venfort.com\/wp-content\/uploads\/2025\/03\/blogs_bloga-2-scaled.jpg","type":"image\/jpeg"}],"author":"VENFORT","twitter_card":"summary_large_image","twitter_creator":"@Venfortabogados","twitter_site":"@Venfortabogados","twitter_misc":{"Escrito por":"VENFORT","Tiempo de lectura":"4 minutos"},"schema":{"@context":"https:\/\/schema.org","@graph":[{"@type":"Article","@id":"https:\/\/venfort.com\/rodrigo-duarte-en-custodia-de-la-cpi\/#article","isPartOf":{"@id":"https:\/\/venfort.com\/rodrigo-duarte-en-custodia-de-la-cpi\/"},"author":{"name":"VENFORT","@id":"https:\/\/venfort.com\/#\/schema\/person\/6c0e1de9015eb56bbbf307df50c9872e"},"headline":"Rodrigo Duterte en Custodia de la CPI:Un Precedente Clave para la JusticiaPenal Internacional","datePublished":"2025-03-18T20:08:00+00:00","dateModified":"2025-03-18T20:08:01+00:00","mainEntityOfPage":{"@id":"https:\/\/venfort.com\/rodrigo-duarte-en-custodia-de-la-cpi\/"},"wordCount":720,"publisher":{"@id":"https:\/\/venfort.com\/#organization"},"image":{"@id":"https:\/\/venfort.com\/rodrigo-duarte-en-custodia-de-la-cpi\/#primaryimage"},"thumbnailUrl":"https:\/\/venfort.com\/wp-content\/uploads\/2025\/03\/blogs_bloga-2-scaled.jpg","articleSection":["Derecho Penal Internacional"],"inLanguage":"es"},{"@type":"WebPage","@id":"https:\/\/venfort.com\/rodrigo-duarte-en-custodia-de-la-cpi\/","url":"https:\/\/venfort.com\/rodrigo-duarte-en-custodia-de-la-cpi\/","name":"Rodrigo Duterte en Custodia de la CPI:Un Precedente Clave para la JusticiaPenal Internacional - Venfort","isPartOf":{"@id":"https:\/\/venfort.com\/#website"},"primaryImageOfPage":{"@id":"https:\/\/venfort.com\/rodrigo-duarte-en-custodia-de-la-cpi\/#primaryimage"},"image":{"@id":"https:\/\/venfort.com\/rodrigo-duarte-en-custodia-de-la-cpi\/#primaryimage"},"thumbnailUrl":"https:\/\/venfort.com\/wp-content\/uploads\/2025\/03\/blogs_bloga-2-scaled.jpg","datePublished":"2025-03-18T20:08:00+00:00","dateModified":"2025-03-18T20:08:01+00:00","description":"Duterte, quien gobern\u00f3 Filipinas desde 2016 hasta 2022, implement\u00f3 una pol\u00edtica de \"guerra contra las drogas\" caracterizada, seg\u00fan la Fiscal\u00eda de la CPI, por ejecuciones extrajudiciales de presuntos delincuentes.","breadcrumb":{"@id":"https:\/\/venfort.com\/rodrigo-duarte-en-custodia-de-la-cpi\/#breadcrumb"},"inLanguage":"es","potentialAction":[{"@type":"ReadAction","target":["https:\/\/venfort.com\/rodrigo-duarte-en-custodia-de-la-cpi\/"]}]},{"@type":"ImageObject","inLanguage":"es","@id":"https:\/\/venfort.com\/rodrigo-duarte-en-custodia-de-la-cpi\/#primaryimage","url":"https:\/\/venfort.com\/wp-content\/uploads\/2025\/03\/blogs_bloga-2-scaled.jpg","contentUrl":"https:\/\/venfort.com\/wp-content\/uploads\/2025\/03\/blogs_bloga-2-scaled.jpg","width":2560,"height":854},{"@type":"BreadcrumbList","@id":"https:\/\/venfort.com\/rodrigo-duarte-en-custodia-de-la-cpi\/#breadcrumb","itemListElement":[{"@type":"ListItem","position":1,"name":"Portada","item":"https:\/\/venfort.com\/"},{"@type":"ListItem","position":2,"name":"Rodrigo Duterte en Custodia de la CPI:Un Precedente Clave para la JusticiaPenal Internacional"}]},{"@type":"WebSite","@id":"https:\/\/venfort.com\/#website","url":"https:\/\/venfort.com\/","name":"Venfort","description":"Firma de Abogados | Derecho Penal Econ\u00f3mico, Derecho Penal Internacional, Derecho de Empresas, Derecho Financiero, Derecho Administrativo, Derecho Civil y Sucesiones Internacionales","publisher":{"@id":"https:\/\/venfort.com\/#organization"},"alternateName":"VENFORT","potentialAction":[{"@type":"SearchAction","target":{"@type":"EntryPoint","urlTemplate":"https:\/\/venfort.com\/?s={search_term_string}"},"query-input":{"@type":"PropertyValueSpecification","valueRequired":true,"valueName":"search_term_string"}}],"inLanguage":"es"},{"@type":"Organization","@id":"https:\/\/venfort.com\/#organization","name":"Venfort Abogados","alternateName":"VENFORT","url":"https:\/\/venfort.com\/","logo":{"@type":"ImageObject","inLanguage":"es","@id":"https:\/\/venfort.com\/#\/schema\/logo\/image\/","url":"https:\/\/venfort.com\/wp-content\/uploads\/2026\/03\/Logo_Venfort_Horizontal_Color.png","contentUrl":"https:\/\/venfort.com\/wp-content\/uploads\/2026\/03\/Logo_Venfort_Horizontal_Color.png","width":1000,"height":237,"caption":"Venfort Abogados"},"image":{"@id":"https:\/\/venfort.com\/#\/schema\/logo\/image\/"},"sameAs":["https:\/\/www.facebook.com\/venfortyabogados","https:\/\/x.com\/Venfortabogados","https:\/\/www.linkedin.com\/company\/venfort-aldana-abogados","https:\/\/www.instagram.com\/venfortabogados"]},{"@type":"Person","@id":"https:\/\/venfort.com\/#\/schema\/person\/6c0e1de9015eb56bbbf307df50c9872e","name":"VENFORT","image":{"@type":"ImageObject","inLanguage":"es","@id":"https:\/\/secure.gravatar.com\/avatar\/4d96769bd368e8f15c4aec9dce5b759ea0d3a49ad69242757e358a4ec75eba02?s=96&d=mm&r=g","url":"https:\/\/secure.gravatar.com\/avatar\/4d96769bd368e8f15c4aec9dce5b759ea0d3a49ad69242757e358a4ec75eba02?s=96&d=mm&r=g","contentUrl":"https:\/\/secure.gravatar.com\/avatar\/4d96769bd368e8f15c4aec9dce5b759ea0d3a49ad69242757e358a4ec75eba02?s=96&d=mm&r=g","caption":"VENFORT"},"url":"https:\/\/venfort.com\/es\/author\/venfortadmin\/"}]}},"_links":{"self":[{"href":"https:\/\/venfort.com\/es\/wp-json\/wp\/v2\/posts\/3873","targetHints":{"allow":["GET"]}}],"collection":[{"href":"https:\/\/venfort.com\/es\/wp-json\/wp\/v2\/posts"}],"about":[{"href":"https:\/\/venfort.com\/es\/wp-json\/wp\/v2\/types\/post"}],"author":[{"embeddable":true,"href":"https:\/\/venfort.com\/es\/wp-json\/wp\/v2\/users\/1"}],"replies":[{"embeddable":true,"href":"https:\/\/venfort.com\/es\/wp-json\/wp\/v2\/comments?post=3873"}],"version-history":[{"count":1,"href":"https:\/\/venfort.com\/es\/wp-json\/wp\/v2\/posts\/3873\/revisions"}],"predecessor-version":[{"id":3875,"href":"https:\/\/venfort.com\/es\/wp-json\/wp\/v2\/posts\/3873\/revisions\/3875"}],"wp:featuredmedia":[{"embeddable":true,"href":"https:\/\/venfort.com\/es\/wp-json\/wp\/v2\/media\/3874"}],"wp:attachment":[{"href":"https:\/\/venfort.com\/es\/wp-json\/wp\/v2\/media?parent=3873"}],"wp:term":[{"taxonomy":"category","embeddable":true,"href":"https:\/\/venfort.com\/es\/wp-json\/wp\/v2\/categories?post=3873"},{"taxonomy":"post_tag","embeddable":true,"href":"https:\/\/venfort.com\/es\/wp-json\/wp\/v2\/tags?post=3873"}],"curies":[{"name":"wp","href":"https:\/\/api.w.org\/{rel}","templated":true}]}}