{"id":2374,"date":"2021-08-30T08:00:28","date_gmt":"2021-08-30T12:00:28","guid":{"rendered":"https:\/\/venfort.com\/?p=2776"},"modified":"2023-10-29T14:10:25","modified_gmt":"2023-10-29T18:10:25","slug":"aspects-pour-conclure-un-accord-financier","status":"publish","type":"post","link":"https:\/\/venfort.com\/fr\/aspectos-para-cerrar-acuerdo-financiero\/","title":{"rendered":"Aspects importants de la conclusion d'accords financiers en p\u00e9riode post-pand\u00e9mique"},"content":{"rendered":"<p>Bien que la pand\u00e9mie de Covid-19 semble d\u00e9j\u00e0 ma\u00eetris\u00e9e, les cons\u00e9quences directes de la crise sanitaire ne se sont pas encore mat\u00e9rialis\u00e9es. Dans le syst\u00e8me judiciaire, on s'attend \u00e0 ce que les proc\u00e9dures soient ralenties en raison des r\u00e8gles de distanciation, de la capacit\u00e9 d'accueil des institutions, entre autres. C'est pourquoi de nombreuses organisations et personnes physiques et morales optent pour la mise en place de m\u00e9canismes de pr\u00e9vention des risques dans leurs n\u00e9gociations afin d'\u00e9viter les d\u00e9sagr\u00e9ments. Aujourd'hui, nous parlerons des aspects \u00e0 prendre en compte lors de la conclusion d'un accord financier en p\u00e9riode de post-pand\u00e9mie.<\/p>\n\n\n\n<h2 class=\"wp-block-heading\">Contexte financier et juridique actuel de l'Am\u00e9rique Latine<\/h2>\n\n\n\n<p>La Commission \u00e9conomique pour l'Am\u00e9rique latine et les Cara\u00efbes de l'ONU dans son rapport sp\u00e9cial sur le <a href=\"https:\/\/www.cepal.org\/sites\/default\/files\/publication\/files\/46710\/S2100064_es.pdf\" target=\"_blank\" rel=\"noopener\">Financement du d\u00e9veloppement \u00e0 l'\u00e8re de la pand\u00e9mie de Covid-19 et apr\u00e8s<\/a>. Il est d\u00e9crit qu'en Am\u00e9rique latine, en 2020, 2,7 millions d'entreprises ont ferm\u00e9 et le nombre de ch\u00f4meurs a augment\u00e9 \u00e0 44,1 millions de personnes. Cela entra\u00eene une forte contraction des investissements, car la capacit\u00e9 d'accumulation de capital et les opportunit\u00e9s de croissance peuvent \u00eatre retard\u00e9es par les effets de la pand\u00e9mie.<\/p>\n\n\n\n<p>Si l'impact \u00e9conomique est d\u00e9vastateur, les r\u00e9percussions juridiques ont \u00e9galement \u00e9t\u00e9 ressenties par des milliers de cabinets d'avocats dans la r\u00e9gion. Il a donc \u00e9t\u00e9 n\u00e9cessaire d'att\u00e9nuer les effets \u00e9conomiques par le biais de diverses strat\u00e9gies telles que la suspension de la d\u00e9livrance de contrats temporaires, le transfert des activit\u00e9s des cours et tribunaux dans l'espace num\u00e9rique, et d'autres activit\u00e9s qui favorisent le bon d\u00e9roulement des proc\u00e9dures.<\/p>\n\n\n\n<p>Face \u00e0 cette situation, les conseils juridiques en mati\u00e8re de n\u00e9gociation d'accords financiers doivent viser la continuit\u00e9 et l'optimisation des nouveaux syst\u00e8mes de travail. C'est pourquoi Alan Aldana &amp; Abogados, afin de promouvoir la gestion des risques dans les accords financiers en p\u00e9riode post-pand\u00e9mie, va partager deux outils sp\u00e9cifiques pour la n\u00e9gociation.<\/p>\n\n\n\n<h2 class=\"wp-block-heading\">Ajout de m\u00e9canismes de r\u00e9solution des probl\u00e8mes au contrat<\/h2>\n\n\n\n<p>Les m\u00e9canismes ou m\u00e9thodes de r\u00e9solution des conflits sont essentiels pour qu'une structure organisationnelle puisse r\u00e9soudre efficacement tout probl\u00e8me. En ces temps post-pand\u00e9miques, les m\u00e9canismes extrajudiciaires sont devenus populaires, qui dans un premier temps ne d\u00e9pendent pas des d\u00e9cisions des juges ou des procureurs, mais de la volont\u00e9 des parties. Ceci est fondamental pour mener \u00e0 bien une bonne n\u00e9gociation et pouvoir \u00e9tablir les bases d'autres outils de pr\u00e9vention des risques.<\/p>\n\n\n\n<p>Ils s'appliquent par la planification et l'\u00e9valuation des \u00e9l\u00e9ments structurels des accords financiers. Ainsi, en d\u00e9terminant les avantages et les inconv\u00e9nients de chaque partie, la pr\u00e9vention des risques devient efficace dans la n\u00e9gociation. En ce sens, des m\u00e9canismes sont \u00e9tablis concernant la r\u00e9solution des conflits par l'interm\u00e9diaire d'un tiers, les modalit\u00e9s contradictoires en cas de litige, entre autres.<\/p>\n\n\n\n<h2 class=\"wp-block-heading\">\u00c9tablir des clauses <i>Pari Passu<\/i> dans les contrats financiers<\/h2>\n\n\n\n<p>Le terme <i>Pari Passu<\/i> c'est une expression latine qui signifie \u201c avec \u00e9galit\u00e9 \u201d, aussi la terminologie juridique l'utilise pour comprendre \u201c dans des conditions \u00e9gales \u201d. Ces clauses sont ax\u00e9es sur la protection des int\u00e9r\u00eats tant du pr\u00eateur que de celui qui acquiert la dette. Les garanties, les engagements et la s\u00e9curit\u00e9 que le d\u00e9biteur ne puisse offrir de garanties suppl\u00e9mentaires \u00e0 des tiers, sans les avoir auparavant offertes au pr\u00eateur avec lequel il conclut le contrat, y sont \u00e9tablis.<\/p>\n\n\n\n<p>Cette ressource juridique est utilis\u00e9e aussi bien dans les pr\u00eats bilat\u00e9raux que dans les pr\u00eats bancaires comme gestionnaire de risques. Cela signifie qu'elle \u00e9tablit les pactes et obligations de chaque partie dans l'accord financier, leur accordant une certaine s\u00e9curit\u00e9 face aux garanties propos\u00e9es d\u00e8s le d\u00e9part. Pour ce faire, l'utilisation de<i> Clause de non- nantissement, <\/i>dont la clause \u201c de non-concurrence \u201d emp\u00eache l'emprunteur ou le d\u00e9biteur de consentir des garanties \u00e0 des tiers, assurant ainsi le droit du cr\u00e9ancier en cas de litige.<\/p>\n\n\n\n<p>Si vous souhaitez obtenir de plus amples informations ou si vous avez besoin de conseils sur ce sujet ou sur d'autres questions de droit p\u00e9nal et de droit commercial, veuillez contacter <a href=\"https:\/\/venfort.com\/fr\/contact\/#.YO12vehKiM8\" target=\"_blank\" rel=\"noopener\">contactez-nous \u00e0 l'adresse suivante<\/a>. Nous partageons \u00e9galement avec vous nos r\u00e9seaux sociaux afin que vous puissiez vous tenir au courant des derniers sujets juridiques en vogue : <a href=\"https:\/\/www.instagram.com\/aldanayabogados\/\" target=\"_blank\" rel=\"noopener\">Instagram<\/a>, <a href=\"https:\/\/www.facebook.com\/aldanayabogados\" target=\"_blank\" rel=\"noopener\">Facebook<\/a>, <a href=\"https:\/\/twitter.com\/aldanayabogados\" target=\"_blank\" rel=\"noopener\">Twitter<\/a> y <a href=\"https:\/\/www.linkedin.com\/company\/alan-aldana-&amp;-abogados\/\" target=\"_blank\" rel=\"noopener\">Linkedin<\/a>.<\/p>","protected":false},"excerpt":{"rendered":"<p>A pesar de que ya parece superada la pandemia del Covid-19 a\u00fan no se ha visualizado las consecuencias directas de la crisis sanitaria. En el sistema judicial se espera que los procesos se ralenticen producto de la normas de distanciamiento, capacidad de atenci\u00f3n de las instituciones, entre otros. Por ello muchas organizaciones y personas naturales [&hellip;]<\/p>\n","protected":false},"author":1,"featured_media":2375,"comment_status":"closed","ping_status":"open","sticky":false,"template":"","format":"standard","meta":{"inline_featured_image":false,"ocean_post_layout":"","ocean_both_sidebars_style":"","ocean_both_sidebars_content_width":0,"ocean_both_sidebars_sidebars_width":0,"ocean_sidebar":"","ocean_second_sidebar":"","ocean_disable_margins":"enable","ocean_add_body_class":"","ocean_shortcode_before_top_bar":"","ocean_shortcode_after_top_bar":"","ocean_shortcode_before_header":"","ocean_shortcode_after_header":"","ocean_has_shortcode":"","ocean_shortcode_after_title":"","ocean_shortcode_before_footer_widgets":"","ocean_shortcode_after_footer_widgets":"","ocean_shortcode_before_footer_bottom":"","ocean_shortcode_after_footer_bottom":"","ocean_display_top_bar":"default","ocean_display_header":"default","ocean_header_style":"","ocean_center_header_left_menu":"","ocean_custom_header_template":"","ocean_custom_logo":0,"ocean_custom_retina_logo":0,"ocean_custom_logo_max_width":0,"ocean_custom_logo_tablet_max_width":0,"ocean_custom_logo_mobile_max_width":0,"ocean_custom_logo_max_height":0,"ocean_custom_logo_tablet_max_height":0,"ocean_custom_logo_mobile_max_height":0,"ocean_header_custom_menu":"","ocean_menu_typo_font_family":"","ocean_menu_typo_font_subset":"","ocean_menu_typo_font_size":0,"ocean_menu_typo_font_size_tablet":0,"ocean_menu_typo_font_size_mobile":0,"ocean_menu_typo_font_size_unit":"px","ocean_menu_typo_font_weight":"","ocean_menu_typo_font_weight_tablet":"","ocean_menu_typo_font_weight_mobile":"","ocean_menu_typo_transform":"","ocean_menu_typo_transform_tablet":"","ocean_menu_typo_transform_mobile":"","ocean_menu_typo_line_height":0,"ocean_menu_typo_line_height_tablet":0,"ocean_menu_typo_line_height_mobile":0,"ocean_menu_typo_line_height_unit":"","ocean_menu_typo_spacing":0,"ocean_menu_typo_spacing_tablet":0,"ocean_menu_typo_spacing_mobile":0,"ocean_menu_typo_spacing_unit":"","ocean_menu_link_color":"","ocean_menu_link_color_hover":"","ocean_menu_link_color_active":"","ocean_menu_link_background":"","ocean_menu_link_hover_background":"","ocean_menu_link_active_background":"","ocean_menu_social_links_bg":"","ocean_menu_social_hover_links_bg":"","ocean_menu_social_links_color":"","ocean_menu_social_hover_links_color":"","ocean_disable_title":"default","ocean_disable_heading":"default","ocean_post_title":"","ocean_post_subheading":"","ocean_post_title_style":"","ocean_post_title_background_color":"","ocean_post_title_background":0,"ocean_post_title_bg_image_position":"","ocean_post_title_bg_image_attachment":"","ocean_post_title_bg_image_repeat":"","ocean_post_title_bg_image_size":"","ocean_post_title_height":0,"ocean_post_title_bg_overlay":0.5,"ocean_post_title_bg_overlay_color":"","ocean_disable_breadcrumbs":"default","ocean_breadcrumbs_color":"","ocean_breadcrumbs_separator_color":"","ocean_breadcrumbs_links_color":"","ocean_breadcrumbs_links_hover_color":"","ocean_display_footer_widgets":"default","ocean_display_footer_bottom":"default","ocean_custom_footer_template":"","omw_enable_modal_window":"enable","ocean_post_oembed":"","ocean_post_self_hosted_media":"","ocean_post_video_embed":"","ocean_link_format":"","ocean_link_format_target":"self","ocean_quote_format":"","ocean_quote_format_link":"post","ocean_gallery_link_images":"on","ocean_gallery_id":[],"footnotes":""},"categories":[31],"tags":[],"class_list":["post-2374","post","type-post","status-publish","format-standard","has-post-thumbnail","hentry","category-tendencias","entry","has-media"],"yoast_head":"<!-- This site is optimized with the Yoast SEO plugin v27.4 - https:\/\/yoast.com\/product\/yoast-seo-wordpress\/ -->\n<title>Acuerdos financieros \u00bfqu\u00e9 tomar en cuenta al producir el cierre?<\/title>\n<meta name=\"description\" content=\"Para cerrar acuerdos financieros en la post pandemia debes asegurar tu papel en la negociaci\u00f3n. Descubre aqu\u00ed lo que debes considerar.\" \/>\n<meta name=\"robots\" content=\"index, follow, max-snippet:-1, max-image-preview:large, max-video-preview:-1\" \/>\n<link rel=\"canonical\" href=\"https:\/\/venfort.com\/fr\/aspects-pour-conclure-un-accord-financier\/\" \/>\n<meta property=\"og:locale\" content=\"fr_FR\" \/>\n<meta property=\"og:type\" content=\"article\" \/>\n<meta property=\"og:title\" content=\"Acuerdos financieros \u00bfqu\u00e9 tomar en cuenta al producir el cierre?\" \/>\n<meta property=\"og:description\" content=\"Para cerrar acuerdos financieros en la post pandemia debes asegurar tu papel en la negociaci\u00f3n. Descubre aqu\u00ed lo que debes considerar.\" \/>\n<meta property=\"og:url\" content=\"https:\/\/venfort.com\/fr\/aspects-pour-conclure-un-accord-financier\/\" \/>\n<meta property=\"og:site_name\" content=\"Venfort\" \/>\n<meta property=\"article:publisher\" content=\"https:\/\/www.facebook.com\/venfortyabogados\" \/>\n<meta property=\"article:published_time\" content=\"2021-08-30T12:00:28+00:00\" \/>\n<meta property=\"article:modified_time\" content=\"2023-10-29T18:10:25+00:00\" \/>\n<meta property=\"og:image\" content=\"https:\/\/venfort.com\/wp-content\/uploads\/2021\/08\/aspectos-importantes-al-cerrar-acuerdos-financieros-en-tiempos-de-post-pandemia.jpg\" \/>\n\t<meta property=\"og:image:width\" content=\"1500\" \/>\n\t<meta property=\"og:image:height\" content=\"500\" \/>\n\t<meta property=\"og:image:type\" content=\"image\/jpeg\" \/>\n<meta name=\"author\" content=\"VENFORT\" \/>\n<meta name=\"twitter:card\" content=\"summary_large_image\" \/>\n<meta name=\"twitter:creator\" content=\"@Venfortabogados\" \/>\n<meta name=\"twitter:site\" content=\"@Venfortabogados\" \/>\n<meta name=\"twitter:label1\" content=\"\u00c9crit par\" \/>\n\t<meta name=\"twitter:data1\" content=\"VENFORT\" \/>\n\t<meta name=\"twitter:label2\" content=\"Dur\u00e9e de lecture estim\u00e9e\" \/>\n\t<meta name=\"twitter:data2\" content=\"4 minutes\" \/>\n<script type=\"application\/ld+json\" class=\"yoast-schema-graph\">{\"@context\":\"https:\\\/\\\/schema.org\",\"@graph\":[{\"@type\":\"Article\",\"@id\":\"https:\\\/\\\/venfort.com\\\/aspectos-para-cerrar-acuerdo-financiero\\\/#article\",\"isPartOf\":{\"@id\":\"https:\\\/\\\/venfort.com\\\/aspectos-para-cerrar-acuerdo-financiero\\\/\"},\"author\":{\"name\":\"VENFORT\",\"@id\":\"https:\\\/\\\/venfort.com\\\/#\\\/schema\\\/person\\\/6c0e1de9015eb56bbbf307df50c9872e\"},\"headline\":\"Aspectos importantes al cerrar acuerdos financieros en tiempos de post pandemia\",\"datePublished\":\"2021-08-30T12:00:28+00:00\",\"dateModified\":\"2023-10-29T18:10:25+00:00\",\"mainEntityOfPage\":{\"@id\":\"https:\\\/\\\/venfort.com\\\/aspectos-para-cerrar-acuerdo-financiero\\\/\"},\"wordCount\":755,\"publisher\":{\"@id\":\"https:\\\/\\\/venfort.com\\\/#organization\"},\"image\":{\"@id\":\"https:\\\/\\\/venfort.com\\\/aspectos-para-cerrar-acuerdo-financiero\\\/#primaryimage\"},\"thumbnailUrl\":\"https:\\\/\\\/venfort.com\\\/wp-content\\\/uploads\\\/2021\\\/08\\\/aspectos-importantes-al-cerrar-acuerdos-financieros-en-tiempos-de-post-pandemia.jpg\",\"articleSection\":[\"Tendencias\"],\"inLanguage\":\"fr-FR\"},{\"@type\":\"WebPage\",\"@id\":\"https:\\\/\\\/venfort.com\\\/aspectos-para-cerrar-acuerdo-financiero\\\/\",\"url\":\"https:\\\/\\\/venfort.com\\\/aspectos-para-cerrar-acuerdo-financiero\\\/\",\"name\":\"Acuerdos financieros \u00bfqu\u00e9 tomar en cuenta al producir el cierre?\",\"isPartOf\":{\"@id\":\"https:\\\/\\\/venfort.com\\\/#website\"},\"primaryImageOfPage\":{\"@id\":\"https:\\\/\\\/venfort.com\\\/aspectos-para-cerrar-acuerdo-financiero\\\/#primaryimage\"},\"image\":{\"@id\":\"https:\\\/\\\/venfort.com\\\/aspectos-para-cerrar-acuerdo-financiero\\\/#primaryimage\"},\"thumbnailUrl\":\"https:\\\/\\\/venfort.com\\\/wp-content\\\/uploads\\\/2021\\\/08\\\/aspectos-importantes-al-cerrar-acuerdos-financieros-en-tiempos-de-post-pandemia.jpg\",\"datePublished\":\"2021-08-30T12:00:28+00:00\",\"dateModified\":\"2023-10-29T18:10:25+00:00\",\"description\":\"Para cerrar acuerdos financieros en la post pandemia debes asegurar tu papel en la negociaci\u00f3n. Descubre aqu\u00ed lo que debes considerar.\",\"breadcrumb\":{\"@id\":\"https:\\\/\\\/venfort.com\\\/aspectos-para-cerrar-acuerdo-financiero\\\/#breadcrumb\"},\"inLanguage\":\"fr-FR\",\"potentialAction\":[{\"@type\":\"ReadAction\",\"target\":[\"https:\\\/\\\/venfort.com\\\/aspectos-para-cerrar-acuerdo-financiero\\\/\"]}]},{\"@type\":\"ImageObject\",\"inLanguage\":\"fr-FR\",\"@id\":\"https:\\\/\\\/venfort.com\\\/aspectos-para-cerrar-acuerdo-financiero\\\/#primaryimage\",\"url\":\"https:\\\/\\\/venfort.com\\\/wp-content\\\/uploads\\\/2021\\\/08\\\/aspectos-importantes-al-cerrar-acuerdos-financieros-en-tiempos-de-post-pandemia.jpg\",\"contentUrl\":\"https:\\\/\\\/venfort.com\\\/wp-content\\\/uploads\\\/2021\\\/08\\\/aspectos-importantes-al-cerrar-acuerdos-financieros-en-tiempos-de-post-pandemia.jpg\",\"width\":1500,\"height\":500},{\"@type\":\"BreadcrumbList\",\"@id\":\"https:\\\/\\\/venfort.com\\\/aspectos-para-cerrar-acuerdo-financiero\\\/#breadcrumb\",\"itemListElement\":[{\"@type\":\"ListItem\",\"position\":1,\"name\":\"Portada\",\"item\":\"https:\\\/\\\/venfort.com\\\/\"},{\"@type\":\"ListItem\",\"position\":2,\"name\":\"Aspectos importantes al cerrar acuerdos financieros en tiempos de post pandemia\"}]},{\"@type\":\"WebSite\",\"@id\":\"https:\\\/\\\/venfort.com\\\/#website\",\"url\":\"https:\\\/\\\/venfort.com\\\/\",\"name\":\"Venfort\",\"description\":\"Firma de Abogados | Derecho Penal Econ\u00f3mico, Derecho Penal Internacional, Derecho de Empresas, Derecho Financiero, Derecho Administrativo, Derecho Civil y Sucesiones Internacionales\",\"publisher\":{\"@id\":\"https:\\\/\\\/venfort.com\\\/#organization\"},\"alternateName\":\"VENFORT\",\"potentialAction\":[{\"@type\":\"SearchAction\",\"target\":{\"@type\":\"EntryPoint\",\"urlTemplate\":\"https:\\\/\\\/venfort.com\\\/?s={search_term_string}\"},\"query-input\":{\"@type\":\"PropertyValueSpecification\",\"valueRequired\":true,\"valueName\":\"search_term_string\"}}],\"inLanguage\":\"fr-FR\"},{\"@type\":\"Organization\",\"@id\":\"https:\\\/\\\/venfort.com\\\/#organization\",\"name\":\"Venfort Abogados\",\"alternateName\":\"VENFORT\",\"url\":\"https:\\\/\\\/venfort.com\\\/\",\"logo\":{\"@type\":\"ImageObject\",\"inLanguage\":\"fr-FR\",\"@id\":\"https:\\\/\\\/venfort.com\\\/#\\\/schema\\\/logo\\\/image\\\/\",\"url\":\"https:\\\/\\\/venfort.com\\\/wp-content\\\/uploads\\\/2026\\\/03\\\/Logo_Venfort_Horizontal_Color.png\",\"contentUrl\":\"https:\\\/\\\/venfort.com\\\/wp-content\\\/uploads\\\/2026\\\/03\\\/Logo_Venfort_Horizontal_Color.png\",\"width\":1000,\"height\":237,\"caption\":\"Venfort Abogados\"},\"image\":{\"@id\":\"https:\\\/\\\/venfort.com\\\/#\\\/schema\\\/logo\\\/image\\\/\"},\"sameAs\":[\"https:\\\/\\\/www.facebook.com\\\/venfortyabogados\",\"https:\\\/\\\/x.com\\\/Venfortabogados\",\"https:\\\/\\\/www.linkedin.com\\\/company\\\/venfort-aldana-abogados\",\"https:\\\/\\\/www.instagram.com\\\/venfortabogados\"]},{\"@type\":\"Person\",\"@id\":\"https:\\\/\\\/venfort.com\\\/#\\\/schema\\\/person\\\/6c0e1de9015eb56bbbf307df50c9872e\",\"name\":\"VENFORT\",\"image\":{\"@type\":\"ImageObject\",\"inLanguage\":\"fr-FR\",\"@id\":\"https:\\\/\\\/secure.gravatar.com\\\/avatar\\\/4d96769bd368e8f15c4aec9dce5b759ea0d3a49ad69242757e358a4ec75eba02?s=96&d=mm&r=g\",\"url\":\"https:\\\/\\\/secure.gravatar.com\\\/avatar\\\/4d96769bd368e8f15c4aec9dce5b759ea0d3a49ad69242757e358a4ec75eba02?s=96&d=mm&r=g\",\"contentUrl\":\"https:\\\/\\\/secure.gravatar.com\\\/avatar\\\/4d96769bd368e8f15c4aec9dce5b759ea0d3a49ad69242757e358a4ec75eba02?s=96&d=mm&r=g\",\"caption\":\"VENFORT\"},\"url\":\"https:\\\/\\\/venfort.com\\\/fr\\\/author\\\/venfortadmin\\\/\"}]}<\/script>\n<!-- \/ Yoast SEO plugin. -->","yoast_head_json":{"title":"Accords financiers\u00a0: que faut-il prendre en compte lors de la cl\u00f4ture\u00a0?","description":"Pour conclure des accords financiers dans la phase post-pand\u00e9mie, vous devez assurer votre r\u00f4le dans la n\u00e9gociation. D\u00e9couvrez ici ce que vous devez consid\u00e9rer.","robots":{"index":"index","follow":"follow","max-snippet":"max-snippet:-1","max-image-preview":"max-image-preview:large","max-video-preview":"max-video-preview:-1"},"canonical":"https:\/\/venfort.com\/fr\/aspects-pour-conclure-un-accord-financier\/","og_locale":"fr_FR","og_type":"article","og_title":"Acuerdos financieros \u00bfqu\u00e9 tomar en cuenta al producir el cierre?","og_description":"Para cerrar acuerdos financieros en la post pandemia debes asegurar tu papel en la negociaci\u00f3n. Descubre aqu\u00ed lo que debes considerar.","og_url":"https:\/\/venfort.com\/fr\/aspects-pour-conclure-un-accord-financier\/","og_site_name":"Venfort","article_publisher":"https:\/\/www.facebook.com\/venfortyabogados","article_published_time":"2021-08-30T12:00:28+00:00","article_modified_time":"2023-10-29T18:10:25+00:00","og_image":[{"width":1500,"height":500,"url":"https:\/\/venfort.com\/wp-content\/uploads\/2021\/08\/aspectos-importantes-al-cerrar-acuerdos-financieros-en-tiempos-de-post-pandemia.jpg","type":"image\/jpeg"}],"author":"VENFORT","twitter_card":"summary_large_image","twitter_creator":"@Venfortabogados","twitter_site":"@Venfortabogados","twitter_misc":{"\u00c9crit par":"VENFORT","Dur\u00e9e de lecture estim\u00e9e":"4 minutes"},"schema":{"@context":"https:\/\/schema.org","@graph":[{"@type":"Article","@id":"https:\/\/venfort.com\/aspectos-para-cerrar-acuerdo-financiero\/#article","isPartOf":{"@id":"https:\/\/venfort.com\/aspectos-para-cerrar-acuerdo-financiero\/"},"author":{"name":"VENFORT","@id":"https:\/\/venfort.com\/#\/schema\/person\/6c0e1de9015eb56bbbf307df50c9872e"},"headline":"Aspectos importantes al cerrar acuerdos financieros en tiempos de post pandemia","datePublished":"2021-08-30T12:00:28+00:00","dateModified":"2023-10-29T18:10:25+00:00","mainEntityOfPage":{"@id":"https:\/\/venfort.com\/aspectos-para-cerrar-acuerdo-financiero\/"},"wordCount":755,"publisher":{"@id":"https:\/\/venfort.com\/#organization"},"image":{"@id":"https:\/\/venfort.com\/aspectos-para-cerrar-acuerdo-financiero\/#primaryimage"},"thumbnailUrl":"https:\/\/venfort.com\/wp-content\/uploads\/2021\/08\/aspectos-importantes-al-cerrar-acuerdos-financieros-en-tiempos-de-post-pandemia.jpg","articleSection":["Tendencias"],"inLanguage":"fr-FR"},{"@type":"WebPage","@id":"https:\/\/venfort.com\/aspectos-para-cerrar-acuerdo-financiero\/","url":"https:\/\/venfort.com\/aspectos-para-cerrar-acuerdo-financiero\/","name":"Accords financiers\u00a0: que faut-il prendre en compte lors de la cl\u00f4ture\u00a0?","isPartOf":{"@id":"https:\/\/venfort.com\/#website"},"primaryImageOfPage":{"@id":"https:\/\/venfort.com\/aspectos-para-cerrar-acuerdo-financiero\/#primaryimage"},"image":{"@id":"https:\/\/venfort.com\/aspectos-para-cerrar-acuerdo-financiero\/#primaryimage"},"thumbnailUrl":"https:\/\/venfort.com\/wp-content\/uploads\/2021\/08\/aspectos-importantes-al-cerrar-acuerdos-financieros-en-tiempos-de-post-pandemia.jpg","datePublished":"2021-08-30T12:00:28+00:00","dateModified":"2023-10-29T18:10:25+00:00","description":"Pour conclure des accords financiers dans la phase post-pand\u00e9mie, vous devez assurer votre r\u00f4le dans la n\u00e9gociation. D\u00e9couvrez ici ce que vous devez consid\u00e9rer.","breadcrumb":{"@id":"https:\/\/venfort.com\/aspectos-para-cerrar-acuerdo-financiero\/#breadcrumb"},"inLanguage":"fr-FR","potentialAction":[{"@type":"ReadAction","target":["https:\/\/venfort.com\/aspectos-para-cerrar-acuerdo-financiero\/"]}]},{"@type":"ImageObject","inLanguage":"fr-FR","@id":"https:\/\/venfort.com\/aspectos-para-cerrar-acuerdo-financiero\/#primaryimage","url":"https:\/\/venfort.com\/wp-content\/uploads\/2021\/08\/aspectos-importantes-al-cerrar-acuerdos-financieros-en-tiempos-de-post-pandemia.jpg","contentUrl":"https:\/\/venfort.com\/wp-content\/uploads\/2021\/08\/aspectos-importantes-al-cerrar-acuerdos-financieros-en-tiempos-de-post-pandemia.jpg","width":1500,"height":500},{"@type":"BreadcrumbList","@id":"https:\/\/venfort.com\/aspectos-para-cerrar-acuerdo-financiero\/#breadcrumb","itemListElement":[{"@type":"ListItem","position":1,"name":"Portada","item":"https:\/\/venfort.com\/"},{"@type":"ListItem","position":2,"name":"Aspectos importantes al cerrar acuerdos financieros en tiempos de post pandemia"}]},{"@type":"WebSite","@id":"https:\/\/venfort.com\/#website","url":"https:\/\/venfort.com\/","name":"Venfort","description":"Cabinet : Droit p\u00e9nal \u00e9conomique, droit p\u00e9nal international, droit des soci\u00e9t\u00e9s, droit financier, droit administratif, droit civil et droit des successions internationales","publisher":{"@id":"https:\/\/venfort.com\/#organization"},"alternateName":"VENFORT","potentialAction":[{"@type":"SearchAction","target":{"@type":"EntryPoint","urlTemplate":"https:\/\/venfort.com\/?s={search_term_string}"},"query-input":{"@type":"PropertyValueSpecification","valueRequired":true,"valueName":"search_term_string"}}],"inLanguage":"fr-FR"},{"@type":"Organization","@id":"https:\/\/venfort.com\/#organization","name":"Avocats de Venfort","alternateName":"VENFORT","url":"https:\/\/venfort.com\/","logo":{"@type":"ImageObject","inLanguage":"fr-FR","@id":"https:\/\/venfort.com\/#\/schema\/logo\/image\/","url":"https:\/\/venfort.com\/wp-content\/uploads\/2026\/03\/Logo_Venfort_Horizontal_Color.png","contentUrl":"https:\/\/venfort.com\/wp-content\/uploads\/2026\/03\/Logo_Venfort_Horizontal_Color.png","width":1000,"height":237,"caption":"Venfort Abogados"},"image":{"@id":"https:\/\/venfort.com\/#\/schema\/logo\/image\/"},"sameAs":["https:\/\/www.facebook.com\/venfortyabogados","https:\/\/x.com\/Venfortabogados","https:\/\/www.linkedin.com\/company\/venfort-aldana-abogados","https:\/\/www.instagram.com\/venfortabogados"]},{"@type":"Person","@id":"https:\/\/venfort.com\/#\/schema\/person\/6c0e1de9015eb56bbbf307df50c9872e","name":"VENFORT","image":{"@type":"ImageObject","inLanguage":"fr-FR","@id":"https:\/\/secure.gravatar.com\/avatar\/4d96769bd368e8f15c4aec9dce5b759ea0d3a49ad69242757e358a4ec75eba02?s=96&d=mm&r=g","url":"https:\/\/secure.gravatar.com\/avatar\/4d96769bd368e8f15c4aec9dce5b759ea0d3a49ad69242757e358a4ec75eba02?s=96&d=mm&r=g","contentUrl":"https:\/\/secure.gravatar.com\/avatar\/4d96769bd368e8f15c4aec9dce5b759ea0d3a49ad69242757e358a4ec75eba02?s=96&d=mm&r=g","caption":"VENFORT"},"url":"https:\/\/venfort.com\/fr\/author\/venfortadmin\/"}]}},"_links":{"self":[{"href":"https:\/\/venfort.com\/fr\/wp-json\/wp\/v2\/posts\/2374","targetHints":{"allow":["GET"]}}],"collection":[{"href":"https:\/\/venfort.com\/fr\/wp-json\/wp\/v2\/posts"}],"about":[{"href":"https:\/\/venfort.com\/fr\/wp-json\/wp\/v2\/types\/post"}],"author":[{"embeddable":true,"href":"https:\/\/venfort.com\/fr\/wp-json\/wp\/v2\/users\/1"}],"replies":[{"embeddable":true,"href":"https:\/\/venfort.com\/fr\/wp-json\/wp\/v2\/comments?post=2374"}],"version-history":[{"count":1,"href":"https:\/\/venfort.com\/fr\/wp-json\/wp\/v2\/posts\/2374\/revisions"}],"predecessor-version":[{"id":2851,"href":"https:\/\/venfort.com\/fr\/wp-json\/wp\/v2\/posts\/2374\/revisions\/2851"}],"wp:featuredmedia":[{"embeddable":true,"href":"https:\/\/venfort.com\/fr\/wp-json\/wp\/v2\/media\/2375"}],"wp:attachment":[{"href":"https:\/\/venfort.com\/fr\/wp-json\/wp\/v2\/media?parent=2374"}],"wp:term":[{"taxonomy":"category","embeddable":true,"href":"https:\/\/venfort.com\/fr\/wp-json\/wp\/v2\/categories?post=2374"},{"taxonomy":"post_tag","embeddable":true,"href":"https:\/\/venfort.com\/fr\/wp-json\/wp\/v2\/tags?post=2374"}],"curies":[{"name":"wp","href":"https:\/\/api.w.org\/{rel}","templated":true}]}}