{"id":2426,"date":"2020-12-03T08:00:39","date_gmt":"2020-12-03T12:00:39","guid":{"rendered":"https:\/\/venfort.com\/blog\/?p=1314"},"modified":"2020-12-03T08:00:39","modified_gmt":"2020-12-03T12:00:39","slug":"la-traite-des-personnes-est-une-menace-pour-les-droits-de-lhomme-et-la-securite-nationale","status":"publish","type":"post","link":"https:\/\/venfort.com\/fr\/la-trata-de-personas-es-una-amenaza-para-los-derechos-humanos-y-la-seguridad-nacional\/","title":{"rendered":"La traite des \u00eatres humains est une menace pour les droits de l'homme et la s\u00e9curit\u00e9 nationale."},"content":{"rendered":"<blockquote class=\"wp-block-quote is-layout-flow wp-block-quote-is-layout-flow\"><p>La traite des personnes est un crime qui se produit en silence, mais qui blesse gravement les <a href=\"https:\/\/venfort.com\/fr\/blog\/lutte-contre-le-racisme-et-la-xenophobie\/\">droits de l'homme<\/a> y socava incluso la seguridad nacional, pues muchas veces este crimen involucra a varios Estados. A pesar de tener consecuencias importantes, no fue sino hasta el a\u00f1o 2000 que se publica el Protocolo para prevenir, reprimir y sancionar la trata de personas, especialmente mujeres y ni\u00f1os, como un intento internacional de la Convenci\u00f3n de las Naciones Unidas contra la Delincuencia Organizada Transnacional, por detener la ocurrencia de la trata de personas.<\/p><\/blockquote>\n\n\n\n<p><strong>Dans le protocole relatif aux droits de l'homme et \u00e0 la traite des personnes de l'Organisation des Nations Unies<\/strong>, \u00e0 ce d\u00e9lit comme \u00ab<em>la capture, le transport, le transfert, l'h\u00e9bergement ou la r\u00e9ception de personnes, par la menace ou l'usage de la force ou d'autres formes de contrainte, la tromperie, le subterfuge, l'abus de pouvoir ou d'une situation de vuln\u00e9rabilit\u00e9, ou par le versement ou l'acceptation de paiements ou d'avantages pour obtenir le consentement d'une personne ayant autorit\u00e9 sur une autre, aux fins d'exploitation<\/em>\u00bb.&nbsp;<\/p>\n\n\n\n<p><strong>Parmi les formes d'exploitation, on envisage principalement la prostitution ou l'exploitation sexuelle, les travaux ou services forc\u00e9s, l'esclavage<\/strong>, la servitude, le trafic d'organes, le mariage forc\u00e9. Le texte indique en outre qu'il existe trois \u00e9l\u00e9ments cl\u00e9s pour identifier une situation de traite des personnes : le recrutement, la menace et l'exploitation. Dans le cas des mineurs de moins de 18 ans, la traite peut \u00eatre qualifi\u00e9e uniquement par le recrutement et l'exploitation, car la victime peut y consentir sans avoir \u00e9t\u00e9 menac\u00e9e par ignorance, liens avec les d\u00e9linquants, entre autres motifs.<\/p>\n\n\n\n<h3 class=\"wp-block-heading\">Pour cette raison, il s'agit d'un d\u00e9lit complexe et aux multiples formes possibles. Afin de mieux le comprendre et d'agir en faveur de sa pr\u00e9vention, les caract\u00e9ristiques de base suivantes ont \u00e9t\u00e9 d\u00e9termin\u00e9es :<\/h3>\n\n\n\n<ul class=\"wp-block-list\"><li>Cela touche les femmes, les hommes et les enfants.<\/li><li>Comprend une longue s\u00e9rie de pratiques d'exploitation.<\/li><li>Elle peut \u00eatre r\u00e9alis\u00e9e sans franchir une fronti\u00e8re internationale.<\/li><li>C'est diff\u00e9rent du trafic ill\u00e9gal d'immigrants car dans le trafic illicite, le mobile est d'obtenir des b\u00e9n\u00e9fices \u00e9conomiques et non l'exploitation ou l'abus.<\/li><\/ul>\n\n\n\n<h2 class=\"wp-block-heading\">Les droits de l'homme l\u00e9s\u00e9s par la traite des \u00eatres humains sont essentiellement les suivants :<\/h2>\n\n\n\n<ul class=\"wp-block-list\"><li>Le droit \u00e0 la vie<\/li><li>Le droit \u00e0 la libert\u00e9 et \u00e0 la s\u00e9curit\u00e9<\/li><li>Le droit de ne pas \u00eatre tenu en esclavage, en servitude, en travail forc\u00e9 ou en servitude pour dettes.<\/li><li>Le droit de ne pas \u00eatre soumis \u00e0 la torture ni \u00e0 des peines ou traitements cruels, inhumains ou d\u00e9gradants.<\/li><li>Le droit de ne pas subir de violence de genre.<\/li><li>Le droit de jouir du meilleur \u00e9tat de sant\u00e9 physique et mentale possible.<\/li><li>Le droit \u00e0 des conditions de travail justes et satisfaisantes<\/li><\/ul>\n\n\n\n<p><strong>L'Organisation Internationale du Travail d\u00e9finit dans sa convention sur le travail forc\u00e9 et obligatoire, le travail forc\u00e9 est interdit<\/strong> d\u00e9fini comme toute activit\u00e9 ou service exig\u00e9 d'un individu sous la menace d'une peine ou d'une sanction. La Convention sur l'\u00e9limination de toutes les formes de discrimination \u00e0 l'\u00e9gard des femmes et la Convention relative aux droits de l'enfant, quant \u00e0 elles, sont les instruments juridiques en mati\u00e8re de droits de l'homme qui font r\u00e9f\u00e9rence \u00e0 la traite des personnes.<\/p>\n\n\n\n<p><strong>Dans le cadre juridique v\u00e9n\u00e9zu\u00e9lien, elle est comprise dans la Loi Organique contre le Crime Organis\u00e9 et le Financement du Terrorisme v\u00e9n\u00e9zu\u00e9lienne.<\/strong>, que se explica en el art\u00edculo 41 sobre la trata de personas. En \u00e9l se determina la pena de alta entidad de 20 a 25 a\u00f1os de prisi\u00f3n y la cancelaci\u00f3n de la indemnizaci\u00f3n por gastos a la v\u00edctima, para aquellos que promuevan, favorezcan, faciliten o ejecuten mediante la captaci\u00f3n, transporte, traslado, acogida o recepci\u00f3n de personas a trav\u00e9s de la amenaza, fuerza, coacci\u00f3n, rapto, enga\u00f1o, abuso de poder, situaciones de vulnerabilidad, concesi\u00f3n, recepci\u00f3n u otro medio fraudulento de pagos o beneficios. Si el afectado es un ni\u00f1o o adolescente, la pena fijada ser\u00e1 de 25 a 30 a\u00f1os de prisi\u00f3n.<\/p>\n\n\n\n<p><strong>Beaucoup d'organisations criminelles, comme la Triade, consid\u00e9r\u00e9e la plus grande du monde<\/strong> la traite des \u00eatres humains<strong>, <\/strong>profiter des difficult\u00e9s \u00e9conomiques des victimes <strong>pour la commission de cette infraction<\/strong>, car ceux qui les commettent profitent des situations de vuln\u00e9rabilit\u00e9. La pauvret\u00e9 et les difficult\u00e9s d'acc\u00e8s aux conditions de base de formation, de sant\u00e9, d'alimentation, etc., sont le sc\u00e9nario parfait pour que de nombreuses personnes se sentent contraintes de consentir \u00e0 des activit\u00e9s et des situations d'exploitation et de traite des personnes.<\/p>\n\n\n\n<p><strong>Le Rapport 2020 sur la traite des personnes<\/strong>, publi\u00e9 sur le site web de l'ambassade des \u00c9tats-Unis au Venezuela, place le pays dans la cat\u00e9gorie 3. Le texte indique que le Venezuela \u00ab<em>ne respecte pas pleinement les normes minimales en mati\u00e8re d\u2019\u00e9radication de la traite des personnes<\/em>\u00bb.&nbsp;<\/p>\n\n\n\n<p><strong>L'ann\u00e9e derni\u00e8re, en 2019, le gouvernement v\u00e9n\u00e9zu\u00e9lien a cr\u00e9\u00e9 un bureau du procureur sp\u00e9cialis\u00e9 pour superviser les enqu\u00eates et les poursuites en mati\u00e8re de traite des personnes.<\/strong>. \u00c0 travers cette affaire, une proc\u00e9dure judiciaire a \u00e9t\u00e9 engag\u00e9e pour de potentielles victimes de ce d\u00e9lit qui ont disparu en mer. Selon le rapport, les r\u00e9sultats n'ont pas \u00e9t\u00e9 communiqu\u00e9s. De m\u00eame, la publication indique que les autorit\u00e9s n'ont pas concentr\u00e9 leurs efforts sur la lutte contre le recrutement forc\u00e9 d'enfants v\u00e9n\u00e9zu\u00e9liens par des groupes arm\u00e9s ill\u00e9gaux en Colombie.<\/p>\n\n\n\n<h3 class=\"has-text-align-center wp-block-heading\">Chez Alan Aldana &amp; Abogados, nous saluons les efforts des institutions publiques et des membres des forces de s\u00e9curit\u00e9, ainsi que d'INTERPOL, qui se consacrent tout particuli\u00e8rement \u00e0 la lutte contre ces organisations criminelles ; en outre, par l'interm\u00e9diaire de notre Fondation, nous fournissons aux victimes des conseils juridiques et une repr\u00e9sentation judiciaire.<\/h3>\n\n\n\n<p>Sources consult\u00e9es :<\/p>\n\n\n\n<ul class=\"wp-block-list\"><li><a href=\"https:\/\/www.acnur.org\/trata-y-trafico-de-personas.html\" target=\"_blank\" rel=\"noreferrer noopener\">acnur.org<\/a><\/li><li><a href=\"https:\/\/www.refworld.org.es\/docid\/50ab8f392.html\" target=\"_blank\" rel=\"noreferrer noopener\">refworld.org.es<\/a><\/li><li><a href=\"https:\/\/www.ohchr.org\/documents\/publications\/fs36_sp.pdf\" target=\"_blank\" rel=\"noreferrer noopener\">ohchr.org<\/a><\/li><li><a href=\"https:\/\/www.unodc.org\/documents\/human-trafficking\/TIP-Model-Law-Spanish.pdf\" target=\"_blank\" rel=\"noreferrer noopener\">unodc.org<\/a><\/li><li><a href=\"https:\/\/ve.usembassy.gov\/es\/informe-de-2020-sobre-la-trata-de-personas\/#:~:text=La%20legislaci%C3%B3n%20venezolana%20no%20criminaliz%C3%B3,a%2020%20a%C3%B1os%20de%20prisi%C3%B3n\" target=\"_blank\" rel=\"noreferrer noopener\">ve.usembassy.gov<\/a><\/li><li><a href=\"https:\/\/www.legalenial.com.ve\/trata-de-personas-segun-la-jurisprudencia-venezolana\/\" target=\"_blank\" rel=\"noreferrer noopener\">legalenial.com.ve<\/a><\/li><li><a href=\"https:\/\/transparencia.org.ve\/crisis-humanitaria-compleja-aumenta-la-vulnerabilidad-de-los-venezolanos-ante-la-trata-de-personas\/\" target=\"_blank\" rel=\"noreferrer noopener\">transparence.org.ve<\/a><\/li><li><a href=\"https:\/\/www.un.org\/ruleoflaw\/es\/thematic-areas\/transnational-threats\/trafficking-in-persons\/#:~:text=La%20trata%20de%20personas%20es,24\" target=\"_blank\" rel=\"noreferrer noopener\">un.org<\/a><\/li><\/ul>","protected":false},"excerpt":{"rendered":"<p>La trata de personas es un delito que ocurre de forma silenciosa, pero que lesiona gravemente los derechos humanos y socava incluso la seguridad nacional, pues muchas veces este crimen involucra a varios Estados. A pesar de tener consecuencias importantes, no fue sino hasta el a\u00f1o 2000 que se publica el Protocolo para prevenir, reprimir [&hellip;]<\/p>\n","protected":false},"author":1,"featured_media":2427,"comment_status":"closed","ping_status":"open","sticky":false,"template":"","format":"standard","meta":{"inline_featured_image":false,"ocean_post_layout":"","ocean_both_sidebars_style":"","ocean_both_sidebars_content_width":0,"ocean_both_sidebars_sidebars_width":0,"ocean_sidebar":"","ocean_second_sidebar":"","ocean_disable_margins":"enable","ocean_add_body_class":"","ocean_shortcode_before_top_bar":"","ocean_shortcode_after_top_bar":"","ocean_shortcode_before_header":"","ocean_shortcode_after_header":"","ocean_has_shortcode":"","ocean_shortcode_after_title":"","ocean_shortcode_before_footer_widgets":"","ocean_shortcode_after_footer_widgets":"","ocean_shortcode_before_footer_bottom":"","ocean_shortcode_after_footer_bottom":"","ocean_display_top_bar":"default","ocean_display_header":"default","ocean_header_style":"","ocean_center_header_left_menu":"","ocean_custom_header_template":"","ocean_custom_logo":0,"ocean_custom_retina_logo":0,"ocean_custom_logo_max_width":0,"ocean_custom_logo_tablet_max_width":0,"ocean_custom_logo_mobile_max_width":0,"ocean_custom_logo_max_height":0,"ocean_custom_logo_tablet_max_height":0,"ocean_custom_logo_mobile_max_height":0,"ocean_header_custom_menu":"","ocean_menu_typo_font_family":"","ocean_menu_typo_font_subset":"","ocean_menu_typo_font_size":0,"ocean_menu_typo_font_size_tablet":0,"ocean_menu_typo_font_size_mobile":0,"ocean_menu_typo_font_size_unit":"px","ocean_menu_typo_font_weight":"","ocean_menu_typo_font_weight_tablet":"","ocean_menu_typo_font_weight_mobile":"","ocean_menu_typo_transform":"","ocean_menu_typo_transform_tablet":"","ocean_menu_typo_transform_mobile":"","ocean_menu_typo_line_height":0,"ocean_menu_typo_line_height_tablet":0,"ocean_menu_typo_line_height_mobile":0,"ocean_menu_typo_line_height_unit":"","ocean_menu_typo_spacing":0,"ocean_menu_typo_spacing_tablet":0,"ocean_menu_typo_spacing_mobile":0,"ocean_menu_typo_spacing_unit":"","ocean_menu_link_color":"","ocean_menu_link_color_hover":"","ocean_menu_link_color_active":"","ocean_menu_link_background":"","ocean_menu_link_hover_background":"","ocean_menu_link_active_background":"","ocean_menu_social_links_bg":"","ocean_menu_social_hover_links_bg":"","ocean_menu_social_links_color":"","ocean_menu_social_hover_links_color":"","ocean_disable_title":"default","ocean_disable_heading":"default","ocean_post_title":"","ocean_post_subheading":"","ocean_post_title_style":"","ocean_post_title_background_color":"","ocean_post_title_background":0,"ocean_post_title_bg_image_position":"","ocean_post_title_bg_image_attachment":"","ocean_post_title_bg_image_repeat":"","ocean_post_title_bg_image_size":"","ocean_post_title_height":0,"ocean_post_title_bg_overlay":0.5,"ocean_post_title_bg_overlay_color":"","ocean_disable_breadcrumbs":"default","ocean_breadcrumbs_color":"","ocean_breadcrumbs_separator_color":"","ocean_breadcrumbs_links_color":"","ocean_breadcrumbs_links_hover_color":"","ocean_display_footer_widgets":"default","ocean_display_footer_bottom":"default","ocean_custom_footer_template":"","omw_enable_modal_window":"enable","ocean_post_oembed":"","ocean_post_self_hosted_media":"","ocean_post_video_embed":"","ocean_link_format":"","ocean_link_format_target":"self","ocean_quote_format":"","ocean_quote_format_link":"post","ocean_gallery_link_images":"on","ocean_gallery_id":[],"footnotes":""},"categories":[29],"tags":[79,99],"class_list":["post-2426","post","type-post","status-publish","format-standard","has-post-thumbnail","hentry","category-ejercicio-profesional","tag-derecho-penal","tag-trata-de-personas","entry","has-media"],"yoast_head":"<!-- This site is optimized with the Yoast SEO plugin v27.4 - https:\/\/yoast.com\/product\/yoast-seo-wordpress\/ -->\n<title>Trata de personas amenaza Derechos Humanos y la seguridad Nacional<\/title>\n<meta name=\"description\" content=\"La trata de personas es una amenaza para los Derechos Humanos y la seguridad Nacional, en este art\u00edculo los detalles jur\u00eddicos y legales.\" \/>\n<meta name=\"robots\" content=\"index, follow, max-snippet:-1, max-image-preview:large, max-video-preview:-1\" \/>\n<link rel=\"canonical\" href=\"https:\/\/venfort.com\/fr\/la-traite-des-personnes-est-une-menace-pour-les-droits-de-lhomme-et-la-securite-nationale\/\" \/>\n<meta property=\"og:locale\" content=\"fr_FR\" \/>\n<meta property=\"og:type\" content=\"article\" \/>\n<meta property=\"og:title\" content=\"Trata de personas amenaza Derechos Humanos y la seguridad Nacional\" \/>\n<meta property=\"og:description\" content=\"La trata de personas es una amenaza para los Derechos Humanos y la seguridad Nacional, en este art\u00edculo los detalles jur\u00eddicos y legales.\" \/>\n<meta property=\"og:url\" content=\"https:\/\/venfort.com\/fr\/la-traite-des-personnes-est-une-menace-pour-les-droits-de-lhomme-et-la-securite-nationale\/\" \/>\n<meta property=\"og:site_name\" content=\"Venfort\" \/>\n<meta property=\"article:publisher\" content=\"https:\/\/www.facebook.com\/venfortyabogados\" \/>\n<meta property=\"article:published_time\" content=\"2020-12-03T12:00:39+00:00\" \/>\n<meta property=\"og:image\" content=\"https:\/\/venfort.com\/wp-content\/uploads\/2020\/12\/trata-de-personas.jpg\" \/>\n\t<meta property=\"og:image:width\" content=\"1024\" \/>\n\t<meta property=\"og:image:height\" content=\"512\" \/>\n\t<meta property=\"og:image:type\" content=\"image\/jpeg\" \/>\n<meta name=\"author\" content=\"VENFORT\" \/>\n<meta name=\"twitter:card\" content=\"summary_large_image\" \/>\n<meta name=\"twitter:creator\" content=\"@Venfortabogados\" \/>\n<meta name=\"twitter:site\" content=\"@Venfortabogados\" \/>\n<meta name=\"twitter:label1\" content=\"\u00c9crit par\" \/>\n\t<meta name=\"twitter:data1\" content=\"VENFORT\" \/>\n\t<meta name=\"twitter:label2\" content=\"Dur\u00e9e de lecture estim\u00e9e\" \/>\n\t<meta name=\"twitter:data2\" content=\"5 minutes\" \/>\n<script type=\"application\/ld+json\" class=\"yoast-schema-graph\">{\"@context\":\"https:\\\/\\\/schema.org\",\"@graph\":[{\"@type\":\"Article\",\"@id\":\"https:\\\/\\\/venfort.com\\\/la-trata-de-personas-es-una-amenaza-para-los-derechos-humanos-y-la-seguridad-nacional\\\/#article\",\"isPartOf\":{\"@id\":\"https:\\\/\\\/venfort.com\\\/la-trata-de-personas-es-una-amenaza-para-los-derechos-humanos-y-la-seguridad-nacional\\\/\"},\"author\":{\"name\":\"VENFORT\",\"@id\":\"https:\\\/\\\/venfort.com\\\/#\\\/schema\\\/person\\\/6c0e1de9015eb56bbbf307df50c9872e\"},\"headline\":\"La trata de personas es una amenaza para los Derechos Humanos y la seguridad Nacional\",\"datePublished\":\"2020-12-03T12:00:39+00:00\",\"mainEntityOfPage\":{\"@id\":\"https:\\\/\\\/venfort.com\\\/la-trata-de-personas-es-una-amenaza-para-los-derechos-humanos-y-la-seguridad-nacional\\\/\"},\"wordCount\":1026,\"publisher\":{\"@id\":\"https:\\\/\\\/venfort.com\\\/#organization\"},\"image\":{\"@id\":\"https:\\\/\\\/venfort.com\\\/la-trata-de-personas-es-una-amenaza-para-los-derechos-humanos-y-la-seguridad-nacional\\\/#primaryimage\"},\"thumbnailUrl\":\"https:\\\/\\\/venfort.com\\\/wp-content\\\/uploads\\\/2020\\\/12\\\/trata-de-personas.jpg\",\"keywords\":[\"Derecho Penal\",\"Trata de Personas\"],\"articleSection\":[\"Ejercicio Profesional\"],\"inLanguage\":\"fr-FR\"},{\"@type\":\"WebPage\",\"@id\":\"https:\\\/\\\/venfort.com\\\/la-trata-de-personas-es-una-amenaza-para-los-derechos-humanos-y-la-seguridad-nacional\\\/\",\"url\":\"https:\\\/\\\/venfort.com\\\/la-trata-de-personas-es-una-amenaza-para-los-derechos-humanos-y-la-seguridad-nacional\\\/\",\"name\":\"Trata de personas amenaza Derechos Humanos y la seguridad Nacional\",\"isPartOf\":{\"@id\":\"https:\\\/\\\/venfort.com\\\/#website\"},\"primaryImageOfPage\":{\"@id\":\"https:\\\/\\\/venfort.com\\\/la-trata-de-personas-es-una-amenaza-para-los-derechos-humanos-y-la-seguridad-nacional\\\/#primaryimage\"},\"image\":{\"@id\":\"https:\\\/\\\/venfort.com\\\/la-trata-de-personas-es-una-amenaza-para-los-derechos-humanos-y-la-seguridad-nacional\\\/#primaryimage\"},\"thumbnailUrl\":\"https:\\\/\\\/venfort.com\\\/wp-content\\\/uploads\\\/2020\\\/12\\\/trata-de-personas.jpg\",\"datePublished\":\"2020-12-03T12:00:39+00:00\",\"description\":\"La trata de personas es una amenaza para los Derechos Humanos y la seguridad Nacional, en este art\u00edculo los detalles jur\u00eddicos y legales.\",\"breadcrumb\":{\"@id\":\"https:\\\/\\\/venfort.com\\\/la-trata-de-personas-es-una-amenaza-para-los-derechos-humanos-y-la-seguridad-nacional\\\/#breadcrumb\"},\"inLanguage\":\"fr-FR\",\"potentialAction\":[{\"@type\":\"ReadAction\",\"target\":[\"https:\\\/\\\/venfort.com\\\/la-trata-de-personas-es-una-amenaza-para-los-derechos-humanos-y-la-seguridad-nacional\\\/\"]}]},{\"@type\":\"ImageObject\",\"inLanguage\":\"fr-FR\",\"@id\":\"https:\\\/\\\/venfort.com\\\/la-trata-de-personas-es-una-amenaza-para-los-derechos-humanos-y-la-seguridad-nacional\\\/#primaryimage\",\"url\":\"https:\\\/\\\/venfort.com\\\/wp-content\\\/uploads\\\/2020\\\/12\\\/trata-de-personas.jpg\",\"contentUrl\":\"https:\\\/\\\/venfort.com\\\/wp-content\\\/uploads\\\/2020\\\/12\\\/trata-de-personas.jpg\",\"width\":1024,\"height\":512},{\"@type\":\"BreadcrumbList\",\"@id\":\"https:\\\/\\\/venfort.com\\\/la-trata-de-personas-es-una-amenaza-para-los-derechos-humanos-y-la-seguridad-nacional\\\/#breadcrumb\",\"itemListElement\":[{\"@type\":\"ListItem\",\"position\":1,\"name\":\"Portada\",\"item\":\"https:\\\/\\\/venfort.com\\\/\"},{\"@type\":\"ListItem\",\"position\":2,\"name\":\"La trata de personas es una amenaza para los Derechos Humanos y la seguridad Nacional\"}]},{\"@type\":\"WebSite\",\"@id\":\"https:\\\/\\\/venfort.com\\\/#website\",\"url\":\"https:\\\/\\\/venfort.com\\\/\",\"name\":\"Venfort\",\"description\":\"Firma de Abogados | Derecho Penal Econ\u00f3mico, Derecho Penal Internacional, Derecho de Empresas, Derecho Financiero, Derecho Administrativo, Derecho Civil y Sucesiones Internacionales\",\"publisher\":{\"@id\":\"https:\\\/\\\/venfort.com\\\/#organization\"},\"alternateName\":\"VENFORT\",\"potentialAction\":[{\"@type\":\"SearchAction\",\"target\":{\"@type\":\"EntryPoint\",\"urlTemplate\":\"https:\\\/\\\/venfort.com\\\/?s={search_term_string}\"},\"query-input\":{\"@type\":\"PropertyValueSpecification\",\"valueRequired\":true,\"valueName\":\"search_term_string\"}}],\"inLanguage\":\"fr-FR\"},{\"@type\":\"Organization\",\"@id\":\"https:\\\/\\\/venfort.com\\\/#organization\",\"name\":\"Venfort Abogados\",\"alternateName\":\"VENFORT\",\"url\":\"https:\\\/\\\/venfort.com\\\/\",\"logo\":{\"@type\":\"ImageObject\",\"inLanguage\":\"fr-FR\",\"@id\":\"https:\\\/\\\/venfort.com\\\/#\\\/schema\\\/logo\\\/image\\\/\",\"url\":\"https:\\\/\\\/venfort.com\\\/wp-content\\\/uploads\\\/2026\\\/03\\\/Logo_Venfort_Horizontal_Color.png\",\"contentUrl\":\"https:\\\/\\\/venfort.com\\\/wp-content\\\/uploads\\\/2026\\\/03\\\/Logo_Venfort_Horizontal_Color.png\",\"width\":1000,\"height\":237,\"caption\":\"Venfort Abogados\"},\"image\":{\"@id\":\"https:\\\/\\\/venfort.com\\\/#\\\/schema\\\/logo\\\/image\\\/\"},\"sameAs\":[\"https:\\\/\\\/www.facebook.com\\\/venfortyabogados\",\"https:\\\/\\\/x.com\\\/Venfortabogados\",\"https:\\\/\\\/www.linkedin.com\\\/company\\\/venfort-aldana-abogados\",\"https:\\\/\\\/www.instagram.com\\\/venfortabogados\"]},{\"@type\":\"Person\",\"@id\":\"https:\\\/\\\/venfort.com\\\/#\\\/schema\\\/person\\\/6c0e1de9015eb56bbbf307df50c9872e\",\"name\":\"VENFORT\",\"image\":{\"@type\":\"ImageObject\",\"inLanguage\":\"fr-FR\",\"@id\":\"https:\\\/\\\/secure.gravatar.com\\\/avatar\\\/4d96769bd368e8f15c4aec9dce5b759ea0d3a49ad69242757e358a4ec75eba02?s=96&d=mm&r=g\",\"url\":\"https:\\\/\\\/secure.gravatar.com\\\/avatar\\\/4d96769bd368e8f15c4aec9dce5b759ea0d3a49ad69242757e358a4ec75eba02?s=96&d=mm&r=g\",\"contentUrl\":\"https:\\\/\\\/secure.gravatar.com\\\/avatar\\\/4d96769bd368e8f15c4aec9dce5b759ea0d3a49ad69242757e358a4ec75eba02?s=96&d=mm&r=g\",\"caption\":\"VENFORT\"},\"url\":\"https:\\\/\\\/venfort.com\\\/fr\\\/author\\\/venfortadmin\\\/\"}]}<\/script>\n<!-- \/ Yoast SEO plugin. -->","yoast_head_json":{"title":"La trata de personas amenaza los derechos humanos y la seguridad nacional.","description":"La traite des personnes est une menace pour les droits de l'homme et la s\u00e9curit\u00e9 nationale, les d\u00e9tails juridiques et l\u00e9gaux dans cet article.","robots":{"index":"index","follow":"follow","max-snippet":"max-snippet:-1","max-image-preview":"max-image-preview:large","max-video-preview":"max-video-preview:-1"},"canonical":"https:\/\/venfort.com\/fr\/la-traite-des-personnes-est-une-menace-pour-les-droits-de-lhomme-et-la-securite-nationale\/","og_locale":"fr_FR","og_type":"article","og_title":"Trata de personas amenaza Derechos Humanos y la seguridad Nacional","og_description":"La trata de personas es una amenaza para los Derechos Humanos y la seguridad Nacional, en este art\u00edculo los detalles jur\u00eddicos y legales.","og_url":"https:\/\/venfort.com\/fr\/la-traite-des-personnes-est-une-menace-pour-les-droits-de-lhomme-et-la-securite-nationale\/","og_site_name":"Venfort","article_publisher":"https:\/\/www.facebook.com\/venfortyabogados","article_published_time":"2020-12-03T12:00:39+00:00","og_image":[{"width":1024,"height":512,"url":"https:\/\/venfort.com\/wp-content\/uploads\/2020\/12\/trata-de-personas.jpg","type":"image\/jpeg"}],"author":"VENFORT","twitter_card":"summary_large_image","twitter_creator":"@Venfortabogados","twitter_site":"@Venfortabogados","twitter_misc":{"\u00c9crit par":"VENFORT","Dur\u00e9e de lecture estim\u00e9e":"5 minutes"},"schema":{"@context":"https:\/\/schema.org","@graph":[{"@type":"Article","@id":"https:\/\/venfort.com\/la-trata-de-personas-es-una-amenaza-para-los-derechos-humanos-y-la-seguridad-nacional\/#article","isPartOf":{"@id":"https:\/\/venfort.com\/la-trata-de-personas-es-una-amenaza-para-los-derechos-humanos-y-la-seguridad-nacional\/"},"author":{"name":"VENFORT","@id":"https:\/\/venfort.com\/#\/schema\/person\/6c0e1de9015eb56bbbf307df50c9872e"},"headline":"La trata de personas es una amenaza para los Derechos Humanos y la seguridad Nacional","datePublished":"2020-12-03T12:00:39+00:00","mainEntityOfPage":{"@id":"https:\/\/venfort.com\/la-trata-de-personas-es-una-amenaza-para-los-derechos-humanos-y-la-seguridad-nacional\/"},"wordCount":1026,"publisher":{"@id":"https:\/\/venfort.com\/#organization"},"image":{"@id":"https:\/\/venfort.com\/la-trata-de-personas-es-una-amenaza-para-los-derechos-humanos-y-la-seguridad-nacional\/#primaryimage"},"thumbnailUrl":"https:\/\/venfort.com\/wp-content\/uploads\/2020\/12\/trata-de-personas.jpg","keywords":["Derecho Penal","Trata de Personas"],"articleSection":["Ejercicio Profesional"],"inLanguage":"fr-FR"},{"@type":"WebPage","@id":"https:\/\/venfort.com\/la-trata-de-personas-es-una-amenaza-para-los-derechos-humanos-y-la-seguridad-nacional\/","url":"https:\/\/venfort.com\/la-trata-de-personas-es-una-amenaza-para-los-derechos-humanos-y-la-seguridad-nacional\/","name":"La trata de personas amenaza los derechos humanos y la seguridad nacional.","isPartOf":{"@id":"https:\/\/venfort.com\/#website"},"primaryImageOfPage":{"@id":"https:\/\/venfort.com\/la-trata-de-personas-es-una-amenaza-para-los-derechos-humanos-y-la-seguridad-nacional\/#primaryimage"},"image":{"@id":"https:\/\/venfort.com\/la-trata-de-personas-es-una-amenaza-para-los-derechos-humanos-y-la-seguridad-nacional\/#primaryimage"},"thumbnailUrl":"https:\/\/venfort.com\/wp-content\/uploads\/2020\/12\/trata-de-personas.jpg","datePublished":"2020-12-03T12:00:39+00:00","description":"La traite des personnes est une menace pour les droits de l'homme et la s\u00e9curit\u00e9 nationale, les d\u00e9tails juridiques et l\u00e9gaux dans cet article.","breadcrumb":{"@id":"https:\/\/venfort.com\/la-trata-de-personas-es-una-amenaza-para-los-derechos-humanos-y-la-seguridad-nacional\/#breadcrumb"},"inLanguage":"fr-FR","potentialAction":[{"@type":"ReadAction","target":["https:\/\/venfort.com\/la-trata-de-personas-es-una-amenaza-para-los-derechos-humanos-y-la-seguridad-nacional\/"]}]},{"@type":"ImageObject","inLanguage":"fr-FR","@id":"https:\/\/venfort.com\/la-trata-de-personas-es-una-amenaza-para-los-derechos-humanos-y-la-seguridad-nacional\/#primaryimage","url":"https:\/\/venfort.com\/wp-content\/uploads\/2020\/12\/trata-de-personas.jpg","contentUrl":"https:\/\/venfort.com\/wp-content\/uploads\/2020\/12\/trata-de-personas.jpg","width":1024,"height":512},{"@type":"BreadcrumbList","@id":"https:\/\/venfort.com\/la-trata-de-personas-es-una-amenaza-para-los-derechos-humanos-y-la-seguridad-nacional\/#breadcrumb","itemListElement":[{"@type":"ListItem","position":1,"name":"Portada","item":"https:\/\/venfort.com\/"},{"@type":"ListItem","position":2,"name":"La trata de personas es una amenaza para los Derechos Humanos y la seguridad Nacional"}]},{"@type":"WebSite","@id":"https:\/\/venfort.com\/#website","url":"https:\/\/venfort.com\/","name":"Venfort","description":"Cabinet : Droit p\u00e9nal \u00e9conomique, droit p\u00e9nal international, droit des soci\u00e9t\u00e9s, droit financier, droit administratif, droit civil et droit des successions internationales","publisher":{"@id":"https:\/\/venfort.com\/#organization"},"alternateName":"VENFORT","potentialAction":[{"@type":"SearchAction","target":{"@type":"EntryPoint","urlTemplate":"https:\/\/venfort.com\/?s={search_term_string}"},"query-input":{"@type":"PropertyValueSpecification","valueRequired":true,"valueName":"search_term_string"}}],"inLanguage":"fr-FR"},{"@type":"Organization","@id":"https:\/\/venfort.com\/#organization","name":"Avocats de Venfort","alternateName":"VENFORT","url":"https:\/\/venfort.com\/","logo":{"@type":"ImageObject","inLanguage":"fr-FR","@id":"https:\/\/venfort.com\/#\/schema\/logo\/image\/","url":"https:\/\/venfort.com\/wp-content\/uploads\/2026\/03\/Logo_Venfort_Horizontal_Color.png","contentUrl":"https:\/\/venfort.com\/wp-content\/uploads\/2026\/03\/Logo_Venfort_Horizontal_Color.png","width":1000,"height":237,"caption":"Venfort Abogados"},"image":{"@id":"https:\/\/venfort.com\/#\/schema\/logo\/image\/"},"sameAs":["https:\/\/www.facebook.com\/venfortyabogados","https:\/\/x.com\/Venfortabogados","https:\/\/www.linkedin.com\/company\/venfort-aldana-abogados","https:\/\/www.instagram.com\/venfortabogados"]},{"@type":"Person","@id":"https:\/\/venfort.com\/#\/schema\/person\/6c0e1de9015eb56bbbf307df50c9872e","name":"VENFORT","image":{"@type":"ImageObject","inLanguage":"fr-FR","@id":"https:\/\/secure.gravatar.com\/avatar\/4d96769bd368e8f15c4aec9dce5b759ea0d3a49ad69242757e358a4ec75eba02?s=96&d=mm&r=g","url":"https:\/\/secure.gravatar.com\/avatar\/4d96769bd368e8f15c4aec9dce5b759ea0d3a49ad69242757e358a4ec75eba02?s=96&d=mm&r=g","contentUrl":"https:\/\/secure.gravatar.com\/avatar\/4d96769bd368e8f15c4aec9dce5b759ea0d3a49ad69242757e358a4ec75eba02?s=96&d=mm&r=g","caption":"VENFORT"},"url":"https:\/\/venfort.com\/fr\/author\/venfortadmin\/"}]}},"_links":{"self":[{"href":"https:\/\/venfort.com\/fr\/wp-json\/wp\/v2\/posts\/2426","targetHints":{"allow":["GET"]}}],"collection":[{"href":"https:\/\/venfort.com\/fr\/wp-json\/wp\/v2\/posts"}],"about":[{"href":"https:\/\/venfort.com\/fr\/wp-json\/wp\/v2\/types\/post"}],"author":[{"embeddable":true,"href":"https:\/\/venfort.com\/fr\/wp-json\/wp\/v2\/users\/1"}],"replies":[{"embeddable":true,"href":"https:\/\/venfort.com\/fr\/wp-json\/wp\/v2\/comments?post=2426"}],"version-history":[{"count":0,"href":"https:\/\/venfort.com\/fr\/wp-json\/wp\/v2\/posts\/2426\/revisions"}],"wp:featuredmedia":[{"embeddable":true,"href":"https:\/\/venfort.com\/fr\/wp-json\/wp\/v2\/media\/2427"}],"wp:attachment":[{"href":"https:\/\/venfort.com\/fr\/wp-json\/wp\/v2\/media?parent=2426"}],"wp:term":[{"taxonomy":"category","embeddable":true,"href":"https:\/\/venfort.com\/fr\/wp-json\/wp\/v2\/categories?post=2426"},{"taxonomy":"post_tag","embeddable":true,"href":"https:\/\/venfort.com\/fr\/wp-json\/wp\/v2\/tags?post=2426"}],"curies":[{"name":"wp","href":"https:\/\/api.w.org\/{rel}","templated":true}]}}