{"id":2602,"date":"2019-04-10T08:00:47","date_gmt":"2019-04-10T12:00:47","guid":{"rendered":"https:\/\/venfort.com\/?p=908"},"modified":"2019-04-10T08:00:47","modified_gmt":"2019-04-10T12:00:47","slug":"congres-de-droit-ucab","status":"publish","type":"post","link":"https:\/\/venfort.com\/fr\/congreso-de-derecho-ucab\/","title":{"rendered":"Pr\u00e9senter au Congr\u00e8s juridique de l'UCAB 2019"},"content":{"rendered":"<p>Les 8 et 9 avril derniers, nous avons eu le plaisir d'assister au Congr\u00e8s de droit de l'UCAB. \u00c9v\u00e9nement qui s'est d\u00e9roul\u00e9 \u00e0 la Facult\u00e9 de droit de l'Universit\u00e9 catholique Andr\u00e9s Bello dans la ville de Caracas.<\/p>\n\n\n\n<h2 class=\"wp-block-heading\">Congr\u00e8s de droit UCAB<\/h2>\n\n\n\n<h4 class=\"wp-block-heading\">Le Congr\u00e8s, organis\u00e9 par le Centre d'\u00e9tudiants en droit de l'UCAB, est un \u00e9v\u00e9nement qui offre la possibilit\u00e9 de rapprocher le monde acad\u00e9mique des cabinets d'avocats les plus prestigieux de Caracas.<\/h4>\n\n\n\n<p>L'objectif de l'activit\u00e9 est de rechercher la mise \u00e0 jour acad\u00e9mique et d'offrir un outil pour acc\u00e9der au march\u00e9 du travail dans le monde du droit.<\/p>\n\n\n\n<p><strong>Lors de l'\u00e9dition 2019 du Congr\u00e8s de droit de l'UCAB, les piliers fondamentaux \u00e0 d\u00e9velopper lors des deux journ\u00e9es de travail sont :<\/strong><\/p>\n\n\n\n<ol class=\"wp-block-list\"><li>Structures organisationnelles des cabinets d'avocats.<\/li><li>La carri\u00e8re judiciaire.<\/li><li>Les instituts de recherches juridiques.<\/li><li>Les pouvoirs publics.<\/li><\/ol>\n\n\n\n<p>En plus des activit\u00e9s acad\u00e9miques du Congr\u00e8s, une \u00ab Foire Juridique\u00bb a \u00e9t\u00e9 organis\u00e9e pour permettre aux \u00e9tudiants de d\u00e9poser leur CV et d'interagir directement avec les cabinets d'avocats participants \u00e0 l'\u00e9v\u00e9nement.<\/p>\n\n\n\n<h2 class=\"wp-block-heading\">Notre participation<\/h2>\n\n\n\n<p>Depuis Alan Aldana &amp; Abogados nous avons eu le plaisir d'assister au congr\u00e8s, pour discuter de deux sujets tr\u00e8s pertinents :<\/p>\n\n\n\n<ul class=\"wp-block-list\"><li>\u00ab<em>La corruption dans la soci\u00e9t\u00e9 v\u00e9n\u00e9zu\u00e9lienne actuelle<\/em>\u00bb \u00e0 la charge de notre partenaire le <a href=\"https:\/\/venfort.com\/fr\/principe-de-proportionnalite-sanctions-systeme-penal-venezuelien\/\">Dr. Eduardo Mora Rodr\u00edguez<\/a>. \u00a0\u00a0\u00a0\u00a0\u00a0\u00a0\u00a0\u00a0\u00a0\u00a0\u00a0\u00a0 <\/li><\/ul>\n\n\n\n<ul class=\"wp-block-list\"><li>\u00ab<a href=\"https:\/\/venfort.com\/fr\/la-legitimation-du-capital-des-crypto-monnaies\/\">Lutte contre le blanchiment d'argent face au ph\u00e9nom\u00e8ne des cryptomonnaies<\/a>\u00bb avec une exposition du Dr Alan Aldana.<\/li><\/ul>\n\n\n\n<p>Depuis Alan Aldana &amp; Abogados, nous profitons de l'occasion pour remercier la reconnaissance re\u00e7ue pour notre participation, en plus de r\u00e9it\u00e9rer \u00e0 <a href=\"https:\/\/twitter.com\/CEDUCAB\" target=\"_blank\" rel=\"noreferrer noopener\" aria-label=\"Centro de Estudiantes de la UCAB (abre en una nueva pesta\u00f1a)\">Centro de Estudiantes de la UCAB<\/a> tout notre soutien pour vos futures activit\u00e9s acad\u00e9miques.<\/p>\n\n\n\n<div class=\"wp-block-image\"><figure class=\"aligncenter\"><img decoding=\"async\" src=\"https:\/\/venfort.com\/wp-content\/uploads\/2019\/04\/reconocimiento-alan-aldana-congreso-de-derecho-UCAB-498x1024.jpeg\" alt=\"Bianca Mar\u00e1n, au nom du Cabinet, re\u00e7oit une reconnaissance du Centre des \u00e9tudiants de l&#039;UCAB.\" class=\"wp-image-909\"\/><figcaption>Bianca Mar\u00e1n \u00e0 la r\u00e9ception de la reconnaissance.<\/figcaption><\/figure><\/div>\n\n\n\n<div class=\"wp-block-image\"><figure class=\"aligncenter\"><img decoding=\"async\" src=\"https:\/\/venfort.com\/wp-content\/uploads\/2019\/04\/reconocimiento-alan-aldana-congreso-de-derecho-UCAB-01-768x1024.jpeg\" alt=\"Reconnaissance Centre \u00c9tudiants UCAB\" class=\"wp-image-910\"\/><\/figure><\/div>","protected":false},"excerpt":{"rendered":"<p>El pasado 8 y 9 de abril tuvimos el placer de asistir al Congreso de Derecho de la UCAB. Evento realizado en la Facultad de Derecho de la Universidad Cat\u00f3lica Andr\u00e9s Bello en la ciudad de Caracas. Congreso de Derecho UCAB El Congreso, organizado por el Centro de Estudiantes de Derecho de la UCAB, es [&hellip;]<\/p>\n","protected":false},"author":1,"featured_media":2603,"comment_status":"closed","ping_status":"open","sticky":false,"template":"","format":"standard","meta":{"inline_featured_image":false,"ocean_post_layout":"","ocean_both_sidebars_style":"","ocean_both_sidebars_content_width":0,"ocean_both_sidebars_sidebars_width":0,"ocean_sidebar":"","ocean_second_sidebar":"","ocean_disable_margins":"enable","ocean_add_body_class":"","ocean_shortcode_before_top_bar":"","ocean_shortcode_after_top_bar":"","ocean_shortcode_before_header":"","ocean_shortcode_after_header":"","ocean_has_shortcode":"","ocean_shortcode_after_title":"","ocean_shortcode_before_footer_widgets":"","ocean_shortcode_after_footer_widgets":"","ocean_shortcode_before_footer_bottom":"","ocean_shortcode_after_footer_bottom":"","ocean_display_top_bar":"default","ocean_display_header":"default","ocean_header_style":"","ocean_center_header_left_menu":"","ocean_custom_header_template":"","ocean_custom_logo":0,"ocean_custom_retina_logo":0,"ocean_custom_logo_max_width":0,"ocean_custom_logo_tablet_max_width":0,"ocean_custom_logo_mobile_max_width":0,"ocean_custom_logo_max_height":0,"ocean_custom_logo_tablet_max_height":0,"ocean_custom_logo_mobile_max_height":0,"ocean_header_custom_menu":"","ocean_menu_typo_font_family":"","ocean_menu_typo_font_subset":"","ocean_menu_typo_font_size":0,"ocean_menu_typo_font_size_tablet":0,"ocean_menu_typo_font_size_mobile":0,"ocean_menu_typo_font_size_unit":"px","ocean_menu_typo_font_weight":"","ocean_menu_typo_font_weight_tablet":"","ocean_menu_typo_font_weight_mobile":"","ocean_menu_typo_transform":"","ocean_menu_typo_transform_tablet":"","ocean_menu_typo_transform_mobile":"","ocean_menu_typo_line_height":0,"ocean_menu_typo_line_height_tablet":0,"ocean_menu_typo_line_height_mobile":0,"ocean_menu_typo_line_height_unit":"","ocean_menu_typo_spacing":0,"ocean_menu_typo_spacing_tablet":0,"ocean_menu_typo_spacing_mobile":0,"ocean_menu_typo_spacing_unit":"","ocean_menu_link_color":"","ocean_menu_link_color_hover":"","ocean_menu_link_color_active":"","ocean_menu_link_background":"","ocean_menu_link_hover_background":"","ocean_menu_link_active_background":"","ocean_menu_social_links_bg":"","ocean_menu_social_hover_links_bg":"","ocean_menu_social_links_color":"","ocean_menu_social_hover_links_color":"","ocean_disable_title":"default","ocean_disable_heading":"default","ocean_post_title":"","ocean_post_subheading":"","ocean_post_title_style":"","ocean_post_title_background_color":"","ocean_post_title_background":0,"ocean_post_title_bg_image_position":"","ocean_post_title_bg_image_attachment":"","ocean_post_title_bg_image_repeat":"","ocean_post_title_bg_image_size":"","ocean_post_title_height":0,"ocean_post_title_bg_overlay":0.5,"ocean_post_title_bg_overlay_color":"","ocean_disable_breadcrumbs":"default","ocean_breadcrumbs_color":"","ocean_breadcrumbs_separator_color":"","ocean_breadcrumbs_links_color":"","ocean_breadcrumbs_links_hover_color":"","ocean_display_footer_widgets":"default","ocean_display_footer_bottom":"default","ocean_custom_footer_template":"","omw_enable_modal_window":"enable","ocean_post_oembed":"","ocean_post_self_hosted_media":"","ocean_post_video_embed":"","ocean_link_format":"","ocean_link_format_target":"self","ocean_quote_format":"","ocean_quote_format_link":"post","ocean_gallery_link_images":"on","ocean_gallery_id":[],"footnotes":""},"categories":[27],"tags":[89,317],"class_list":["post-2602","post","type-post","status-publish","format-standard","has-post-thumbnail","hentry","category-bufete","tag-bufete","tag-eventos","entry","has-media"],"yoast_head":"<!-- This site is optimized with the Yoast SEO plugin v27.4 - https:\/\/yoast.com\/product\/yoast-seo-wordpress\/ -->\n<title>Presentes en el Congreso de Derecho UCAB 2019<\/title>\n<meta name=\"description\" content=\"Compartimos en este art\u00edculo una breve rese\u00f1a de nuestra participaci\u00f3n en el Congreso de Derecho UCAB 2019 realizado el 8 y 9 de abril.\" \/>\n<meta name=\"robots\" content=\"index, follow, max-snippet:-1, max-image-preview:large, max-video-preview:-1\" \/>\n<link rel=\"canonical\" href=\"https:\/\/venfort.com\/fr\/congres-de-droit-ucab\/\" \/>\n<meta property=\"og:locale\" content=\"fr_FR\" \/>\n<meta property=\"og:type\" content=\"article\" \/>\n<meta property=\"og:title\" content=\"Presentes en el Congreso de Derecho UCAB 2019\" \/>\n<meta property=\"og:description\" content=\"Compartimos en este art\u00edculo una breve rese\u00f1a de nuestra participaci\u00f3n en el Congreso de Derecho UCAB 2019 realizado el 8 y 9 de abril.\" \/>\n<meta property=\"og:url\" content=\"https:\/\/venfort.com\/fr\/congres-de-droit-ucab\/\" \/>\n<meta property=\"og:site_name\" content=\"Venfort\" \/>\n<meta property=\"article:publisher\" content=\"https:\/\/www.facebook.com\/venfortyabogados\" \/>\n<meta property=\"article:published_time\" content=\"2019-04-10T12:00:47+00:00\" \/>\n<meta property=\"og:image\" content=\"https:\/\/venfort.com\/wp-content\/uploads\/2019\/04\/congreso-de-derecho-UCAB.jpg\" \/>\n\t<meta property=\"og:image:width\" content=\"1024\" \/>\n\t<meta property=\"og:image:height\" content=\"1024\" \/>\n\t<meta property=\"og:image:type\" content=\"image\/jpeg\" \/>\n<meta name=\"author\" content=\"VENFORT\" \/>\n<meta name=\"twitter:card\" content=\"summary_large_image\" \/>\n<meta name=\"twitter:creator\" content=\"@Venfortabogados\" \/>\n<meta name=\"twitter:site\" content=\"@Venfortabogados\" \/>\n<meta name=\"twitter:label1\" content=\"\u00c9crit par\" \/>\n\t<meta name=\"twitter:data1\" content=\"VENFORT\" \/>\n\t<meta name=\"twitter:label2\" content=\"Dur\u00e9e de lecture estim\u00e9e\" \/>\n\t<meta name=\"twitter:data2\" content=\"1 minute\" \/>\n<script type=\"application\/ld+json\" class=\"yoast-schema-graph\">{\"@context\":\"https:\\\/\\\/schema.org\",\"@graph\":[{\"@type\":\"Article\",\"@id\":\"https:\\\/\\\/venfort.com\\\/congreso-de-derecho-ucab\\\/#article\",\"isPartOf\":{\"@id\":\"https:\\\/\\\/venfort.com\\\/congreso-de-derecho-ucab\\\/\"},\"author\":{\"name\":\"VENFORT\",\"@id\":\"https:\\\/\\\/venfort.com\\\/#\\\/schema\\\/person\\\/6c0e1de9015eb56bbbf307df50c9872e\"},\"headline\":\"Presentes en el Congreso de Derecho UCAB 2019\",\"datePublished\":\"2019-04-10T12:00:47+00:00\",\"mainEntityOfPage\":{\"@id\":\"https:\\\/\\\/venfort.com\\\/congreso-de-derecho-ucab\\\/\"},\"wordCount\":290,\"publisher\":{\"@id\":\"https:\\\/\\\/venfort.com\\\/#organization\"},\"image\":{\"@id\":\"https:\\\/\\\/venfort.com\\\/congreso-de-derecho-ucab\\\/#primaryimage\"},\"thumbnailUrl\":\"https:\\\/\\\/venfort.com\\\/wp-content\\\/uploads\\\/2019\\\/04\\\/congreso-de-derecho-UCAB.jpg\",\"keywords\":[\"Bufete\",\"eventos\"],\"articleSection\":[\"Bufete\"],\"inLanguage\":\"fr-FR\"},{\"@type\":\"WebPage\",\"@id\":\"https:\\\/\\\/venfort.com\\\/congreso-de-derecho-ucab\\\/\",\"url\":\"https:\\\/\\\/venfort.com\\\/congreso-de-derecho-ucab\\\/\",\"name\":\"Presentes en el Congreso de Derecho UCAB 2019\",\"isPartOf\":{\"@id\":\"https:\\\/\\\/venfort.com\\\/#website\"},\"primaryImageOfPage\":{\"@id\":\"https:\\\/\\\/venfort.com\\\/congreso-de-derecho-ucab\\\/#primaryimage\"},\"image\":{\"@id\":\"https:\\\/\\\/venfort.com\\\/congreso-de-derecho-ucab\\\/#primaryimage\"},\"thumbnailUrl\":\"https:\\\/\\\/venfort.com\\\/wp-content\\\/uploads\\\/2019\\\/04\\\/congreso-de-derecho-UCAB.jpg\",\"datePublished\":\"2019-04-10T12:00:47+00:00\",\"description\":\"Compartimos en este art\u00edculo una breve rese\u00f1a de nuestra participaci\u00f3n en el Congreso de Derecho UCAB 2019 realizado el 8 y 9 de abril.\",\"breadcrumb\":{\"@id\":\"https:\\\/\\\/venfort.com\\\/congreso-de-derecho-ucab\\\/#breadcrumb\"},\"inLanguage\":\"fr-FR\",\"potentialAction\":[{\"@type\":\"ReadAction\",\"target\":[\"https:\\\/\\\/venfort.com\\\/congreso-de-derecho-ucab\\\/\"]}]},{\"@type\":\"ImageObject\",\"inLanguage\":\"fr-FR\",\"@id\":\"https:\\\/\\\/venfort.com\\\/congreso-de-derecho-ucab\\\/#primaryimage\",\"url\":\"https:\\\/\\\/venfort.com\\\/wp-content\\\/uploads\\\/2019\\\/04\\\/congreso-de-derecho-UCAB.jpg\",\"contentUrl\":\"https:\\\/\\\/venfort.com\\\/wp-content\\\/uploads\\\/2019\\\/04\\\/congreso-de-derecho-UCAB.jpg\",\"width\":1024,\"height\":1024},{\"@type\":\"BreadcrumbList\",\"@id\":\"https:\\\/\\\/venfort.com\\\/congreso-de-derecho-ucab\\\/#breadcrumb\",\"itemListElement\":[{\"@type\":\"ListItem\",\"position\":1,\"name\":\"Portada\",\"item\":\"https:\\\/\\\/venfort.com\\\/\"},{\"@type\":\"ListItem\",\"position\":2,\"name\":\"Presentes en el Congreso de Derecho UCAB 2019\"}]},{\"@type\":\"WebSite\",\"@id\":\"https:\\\/\\\/venfort.com\\\/#website\",\"url\":\"https:\\\/\\\/venfort.com\\\/\",\"name\":\"Venfort\",\"description\":\"Firma de Abogados | Derecho Penal Econ\u00f3mico, Derecho Penal Internacional, Derecho de Empresas, Derecho Financiero, Derecho Administrativo, Derecho Civil y Sucesiones Internacionales\",\"publisher\":{\"@id\":\"https:\\\/\\\/venfort.com\\\/#organization\"},\"alternateName\":\"VENFORT\",\"potentialAction\":[{\"@type\":\"SearchAction\",\"target\":{\"@type\":\"EntryPoint\",\"urlTemplate\":\"https:\\\/\\\/venfort.com\\\/?s={search_term_string}\"},\"query-input\":{\"@type\":\"PropertyValueSpecification\",\"valueRequired\":true,\"valueName\":\"search_term_string\"}}],\"inLanguage\":\"fr-FR\"},{\"@type\":\"Organization\",\"@id\":\"https:\\\/\\\/venfort.com\\\/#organization\",\"name\":\"Venfort Abogados\",\"alternateName\":\"VENFORT\",\"url\":\"https:\\\/\\\/venfort.com\\\/\",\"logo\":{\"@type\":\"ImageObject\",\"inLanguage\":\"fr-FR\",\"@id\":\"https:\\\/\\\/venfort.com\\\/#\\\/schema\\\/logo\\\/image\\\/\",\"url\":\"https:\\\/\\\/venfort.com\\\/wp-content\\\/uploads\\\/2026\\\/03\\\/Logo_Venfort_Horizontal_Color.png\",\"contentUrl\":\"https:\\\/\\\/venfort.com\\\/wp-content\\\/uploads\\\/2026\\\/03\\\/Logo_Venfort_Horizontal_Color.png\",\"width\":1000,\"height\":237,\"caption\":\"Venfort Abogados\"},\"image\":{\"@id\":\"https:\\\/\\\/venfort.com\\\/#\\\/schema\\\/logo\\\/image\\\/\"},\"sameAs\":[\"https:\\\/\\\/www.facebook.com\\\/venfortyabogados\",\"https:\\\/\\\/x.com\\\/Venfortabogados\",\"https:\\\/\\\/www.linkedin.com\\\/company\\\/venfort-aldana-abogados\",\"https:\\\/\\\/www.instagram.com\\\/venfortabogados\"]},{\"@type\":\"Person\",\"@id\":\"https:\\\/\\\/venfort.com\\\/#\\\/schema\\\/person\\\/6c0e1de9015eb56bbbf307df50c9872e\",\"name\":\"VENFORT\",\"image\":{\"@type\":\"ImageObject\",\"inLanguage\":\"fr-FR\",\"@id\":\"https:\\\/\\\/secure.gravatar.com\\\/avatar\\\/4d96769bd368e8f15c4aec9dce5b759ea0d3a49ad69242757e358a4ec75eba02?s=96&d=mm&r=g\",\"url\":\"https:\\\/\\\/secure.gravatar.com\\\/avatar\\\/4d96769bd368e8f15c4aec9dce5b759ea0d3a49ad69242757e358a4ec75eba02?s=96&d=mm&r=g\",\"contentUrl\":\"https:\\\/\\\/secure.gravatar.com\\\/avatar\\\/4d96769bd368e8f15c4aec9dce5b759ea0d3a49ad69242757e358a4ec75eba02?s=96&d=mm&r=g\",\"caption\":\"VENFORT\"},\"url\":\"https:\\\/\\\/venfort.com\\\/fr\\\/author\\\/venfortadmin\\\/\"}]}<\/script>\n<!-- \/ Yoast SEO plugin. -->","yoast_head_json":{"title":"Pr\u00e9senter au Congr\u00e8s juridique de l'UCAB 2019","description":"Nous partageons dans cet article un bref compte rendu de notre participation au Congr\u00e8s de droit UCAB 2019, qui s'est tenu les 8 et 9 avril.","robots":{"index":"index","follow":"follow","max-snippet":"max-snippet:-1","max-image-preview":"max-image-preview:large","max-video-preview":"max-video-preview:-1"},"canonical":"https:\/\/venfort.com\/fr\/congres-de-droit-ucab\/","og_locale":"fr_FR","og_type":"article","og_title":"Presentes en el Congreso de Derecho UCAB 2019","og_description":"Compartimos en este art\u00edculo una breve rese\u00f1a de nuestra participaci\u00f3n en el Congreso de Derecho UCAB 2019 realizado el 8 y 9 de abril.","og_url":"https:\/\/venfort.com\/fr\/congres-de-droit-ucab\/","og_site_name":"Venfort","article_publisher":"https:\/\/www.facebook.com\/venfortyabogados","article_published_time":"2019-04-10T12:00:47+00:00","og_image":[{"width":1024,"height":1024,"url":"https:\/\/venfort.com\/wp-content\/uploads\/2019\/04\/congreso-de-derecho-UCAB.jpg","type":"image\/jpeg"}],"author":"VENFORT","twitter_card":"summary_large_image","twitter_creator":"@Venfortabogados","twitter_site":"@Venfortabogados","twitter_misc":{"\u00c9crit par":"VENFORT","Dur\u00e9e de lecture estim\u00e9e":"1 minute"},"schema":{"@context":"https:\/\/schema.org","@graph":[{"@type":"Article","@id":"https:\/\/venfort.com\/congreso-de-derecho-ucab\/#article","isPartOf":{"@id":"https:\/\/venfort.com\/congreso-de-derecho-ucab\/"},"author":{"name":"VENFORT","@id":"https:\/\/venfort.com\/#\/schema\/person\/6c0e1de9015eb56bbbf307df50c9872e"},"headline":"Presentes en el Congreso de Derecho UCAB 2019","datePublished":"2019-04-10T12:00:47+00:00","mainEntityOfPage":{"@id":"https:\/\/venfort.com\/congreso-de-derecho-ucab\/"},"wordCount":290,"publisher":{"@id":"https:\/\/venfort.com\/#organization"},"image":{"@id":"https:\/\/venfort.com\/congreso-de-derecho-ucab\/#primaryimage"},"thumbnailUrl":"https:\/\/venfort.com\/wp-content\/uploads\/2019\/04\/congreso-de-derecho-UCAB.jpg","keywords":["Bufete","eventos"],"articleSection":["Bufete"],"inLanguage":"fr-FR"},{"@type":"WebPage","@id":"https:\/\/venfort.com\/congreso-de-derecho-ucab\/","url":"https:\/\/venfort.com\/congreso-de-derecho-ucab\/","name":"Pr\u00e9senter au Congr\u00e8s juridique de l'UCAB 2019","isPartOf":{"@id":"https:\/\/venfort.com\/#website"},"primaryImageOfPage":{"@id":"https:\/\/venfort.com\/congreso-de-derecho-ucab\/#primaryimage"},"image":{"@id":"https:\/\/venfort.com\/congreso-de-derecho-ucab\/#primaryimage"},"thumbnailUrl":"https:\/\/venfort.com\/wp-content\/uploads\/2019\/04\/congreso-de-derecho-UCAB.jpg","datePublished":"2019-04-10T12:00:47+00:00","description":"Nous partageons dans cet article un bref compte rendu de notre participation au Congr\u00e8s de droit UCAB 2019, qui s'est tenu les 8 et 9 avril.","breadcrumb":{"@id":"https:\/\/venfort.com\/congreso-de-derecho-ucab\/#breadcrumb"},"inLanguage":"fr-FR","potentialAction":[{"@type":"ReadAction","target":["https:\/\/venfort.com\/congreso-de-derecho-ucab\/"]}]},{"@type":"ImageObject","inLanguage":"fr-FR","@id":"https:\/\/venfort.com\/congreso-de-derecho-ucab\/#primaryimage","url":"https:\/\/venfort.com\/wp-content\/uploads\/2019\/04\/congreso-de-derecho-UCAB.jpg","contentUrl":"https:\/\/venfort.com\/wp-content\/uploads\/2019\/04\/congreso-de-derecho-UCAB.jpg","width":1024,"height":1024},{"@type":"BreadcrumbList","@id":"https:\/\/venfort.com\/congreso-de-derecho-ucab\/#breadcrumb","itemListElement":[{"@type":"ListItem","position":1,"name":"Portada","item":"https:\/\/venfort.com\/"},{"@type":"ListItem","position":2,"name":"Presentes en el Congreso de Derecho UCAB 2019"}]},{"@type":"WebSite","@id":"https:\/\/venfort.com\/#website","url":"https:\/\/venfort.com\/","name":"Venfort","description":"Cabinet : Droit p\u00e9nal \u00e9conomique, droit p\u00e9nal international, droit des soci\u00e9t\u00e9s, droit financier, droit administratif, droit civil et droit des successions internationales","publisher":{"@id":"https:\/\/venfort.com\/#organization"},"alternateName":"VENFORT","potentialAction":[{"@type":"SearchAction","target":{"@type":"EntryPoint","urlTemplate":"https:\/\/venfort.com\/?s={search_term_string}"},"query-input":{"@type":"PropertyValueSpecification","valueRequired":true,"valueName":"search_term_string"}}],"inLanguage":"fr-FR"},{"@type":"Organization","@id":"https:\/\/venfort.com\/#organization","name":"Avocats de Venfort","alternateName":"VENFORT","url":"https:\/\/venfort.com\/","logo":{"@type":"ImageObject","inLanguage":"fr-FR","@id":"https:\/\/venfort.com\/#\/schema\/logo\/image\/","url":"https:\/\/venfort.com\/wp-content\/uploads\/2026\/03\/Logo_Venfort_Horizontal_Color.png","contentUrl":"https:\/\/venfort.com\/wp-content\/uploads\/2026\/03\/Logo_Venfort_Horizontal_Color.png","width":1000,"height":237,"caption":"Venfort Abogados"},"image":{"@id":"https:\/\/venfort.com\/#\/schema\/logo\/image\/"},"sameAs":["https:\/\/www.facebook.com\/venfortyabogados","https:\/\/x.com\/Venfortabogados","https:\/\/www.linkedin.com\/company\/venfort-aldana-abogados","https:\/\/www.instagram.com\/venfortabogados"]},{"@type":"Person","@id":"https:\/\/venfort.com\/#\/schema\/person\/6c0e1de9015eb56bbbf307df50c9872e","name":"VENFORT","image":{"@type":"ImageObject","inLanguage":"fr-FR","@id":"https:\/\/secure.gravatar.com\/avatar\/4d96769bd368e8f15c4aec9dce5b759ea0d3a49ad69242757e358a4ec75eba02?s=96&d=mm&r=g","url":"https:\/\/secure.gravatar.com\/avatar\/4d96769bd368e8f15c4aec9dce5b759ea0d3a49ad69242757e358a4ec75eba02?s=96&d=mm&r=g","contentUrl":"https:\/\/secure.gravatar.com\/avatar\/4d96769bd368e8f15c4aec9dce5b759ea0d3a49ad69242757e358a4ec75eba02?s=96&d=mm&r=g","caption":"VENFORT"},"url":"https:\/\/venfort.com\/fr\/author\/venfortadmin\/"}]}},"_links":{"self":[{"href":"https:\/\/venfort.com\/fr\/wp-json\/wp\/v2\/posts\/2602","targetHints":{"allow":["GET"]}}],"collection":[{"href":"https:\/\/venfort.com\/fr\/wp-json\/wp\/v2\/posts"}],"about":[{"href":"https:\/\/venfort.com\/fr\/wp-json\/wp\/v2\/types\/post"}],"author":[{"embeddable":true,"href":"https:\/\/venfort.com\/fr\/wp-json\/wp\/v2\/users\/1"}],"replies":[{"embeddable":true,"href":"https:\/\/venfort.com\/fr\/wp-json\/wp\/v2\/comments?post=2602"}],"version-history":[{"count":0,"href":"https:\/\/venfort.com\/fr\/wp-json\/wp\/v2\/posts\/2602\/revisions"}],"wp:featuredmedia":[{"embeddable":true,"href":"https:\/\/venfort.com\/fr\/wp-json\/wp\/v2\/media\/2603"}],"wp:attachment":[{"href":"https:\/\/venfort.com\/fr\/wp-json\/wp\/v2\/media?parent=2602"}],"wp:term":[{"taxonomy":"category","embeddable":true,"href":"https:\/\/venfort.com\/fr\/wp-json\/wp\/v2\/categories?post=2602"},{"taxonomy":"post_tag","embeddable":true,"href":"https:\/\/venfort.com\/fr\/wp-json\/wp\/v2\/tags?post=2602"}],"curies":[{"name":"wp","href":"https:\/\/api.w.org\/{rel}","templated":true}]}}