{"id":2666,"date":"2018-09-06T08:00:36","date_gmt":"2018-09-06T12:00:36","guid":{"rendered":"https:\/\/venfort.com\/?p=744"},"modified":"2018-09-06T08:00:36","modified_gmt":"2018-09-06T12:00:36","slug":"kofi-annan-droits-de-lhomme","status":"publish","type":"post","link":"https:\/\/venfort.com\/fr\/kofi-annan-derechos-humanos\/","title":{"rendered":"Kofi Annan : Une vie consacr\u00e9e \u00e0 la protection des droits de l'homme"},"content":{"rendered":"<blockquote style=\"text-align:right\" class=\"wp-block-quote is-layout-flow wp-block-quote-is-layout-flow\"><p>\u00ab L'\u00e9ducation n'enrichit pas seulement la culture. C'est la premi\u00e8re condition de la libert\u00e9, de la d\u00e9mocratie et du d\u00e9veloppement durable. \u00bb<\/p><p>Kofi Annan<br\/><\/p><\/blockquote>\n\n\n\n<p>Ressentir une passion pour ce que l'on fait est la v\u00e9ritable fa\u00e7on de transcender un poste ou une fonction et de r\u00e9ussir \u00e0 \u00e9veiller des capacit\u00e9s r\u00e9elles pour faire du travail \u00e0 la fois une t\u00e2che et une fa\u00e7on de vivre. Consacrer sa vie \u00e0 une t\u00e2che fut la d\u00e9cision de Kofi Annan (1938 \u2013 2018), ancien secr\u00e9taire g\u00e9n\u00e9ral de l'Organisation des Nations Unies (ONU), qui pendant plus de 40 ans s'est distingu\u00e9 comme protecteur des droits humains au travers de diff\u00e9rents espaces.<br\/><\/p>\n\n\n\n<h2 class=\"wp-block-heading\">Kofi Annan : Une vie consacr\u00e9e \u00e0 la protection des droits de l'homme<\/h2>\n\n\n\n<p>Il a entam\u00e9 des \u00e9tudes universitaires en sciences et technologies dans son pays natal, le Ghana, en Afrique. Il a poursuivi sa formation aux \u00c9tats-Unis, o\u00f9 il est entr\u00e9 dans une universit\u00e9 du Minnesota pour obtenir un dipl\u00f4me en \u00e9conomie, gr\u00e2ce \u00e0 une bourse accord\u00e9e par la Fondation Ford. Une fois ses \u00e9tudes termin\u00e9es, il s'est install\u00e9 \u00e0 Gen\u00e8ve (Suisse) et a rejoint l'Institut d'\u00e9tudes internationales pour commencer sa carri\u00e8re \u00e0 l'Organisation Mondiale de la Sant\u00e9 (OMS).<br\/><\/p>\n\n\n\n<p><strong>Lorsqu'il est entr\u00e9 dans l'organisation d'envergure mondiale, il a fait partie de la Commission \u00c9conomique Africaine pendant six ans.<\/strong> Le travail \u00e0 la t\u00eate de cette division l'a ramen\u00e9 aux \u00c9tats-Unis pour terminer des \u00e9tudes en administration des affaires au Massachusetts Institute of Technology. Une fois cette formation termin\u00e9e, il est retourn\u00e9 au Ghana pour se consacrer \u00e0 la promotion du tourisme. Cependant, peu de temps apr\u00e8s (1976), il a \u00e9t\u00e9 embauch\u00e9 par l'Organisation des Nations Unies. D\u00e8s lors, il a entam\u00e9 une longue carri\u00e8re en faveur de la d\u00e9fense des droits de l'homme et a particuli\u00e8rement soutenu les populations en situation d'extr\u00eame pauvret\u00e9.<br\/><\/p>\n\n\n\n<p><strong>En 1993, il occupe la premi\u00e8re fonction de responsabilit\u00e9 au sein de l'institution.<\/strong> lorsqu'il a \u00e9t\u00e9 d\u00e9sign\u00e9 comme responsable des op\u00e9rations de maintien de la paix pendant la guerre civile en Bosnie-Herz\u00e9govine. Annan est reconnu pour avoir m\u00e9diatis\u00e9 divers conflits majeurs tels que les principales crises internationales de l'apr\u00e8s-guerre froide.<br\/><\/p>\n\n\n\n<p><strong>Le r\u00e9sultat de son travail lui a valu le poste de Secr\u00e9taire g\u00e9n\u00e9ral de l'ONU pour la p\u00e9riode 1997-2001.<\/strong>, en remplacement de Boutros Boutros-Ghali. L'une des premi\u00e8res affaires trait\u00e9es pendant son mandat fut la m\u00e9diation entre les \u00c9tats-Unis et l'Irak, \u00e9vitant ainsi un conflit majeur entre les deux nations. L'une des plus grandes r\u00e9alisations du mandat d'Annan fut sans aucun doute la r\u00e9forme de l'ONU et son lancement, sous son second mandat \u00e0 la t\u00eate de l'organisation, <a href=\"https:\/\/venfort.com\/fr\/enquete-preliminaire-cour-penale-internationale\/#.W5bujJNKi35\">de la Cour P\u00e9nale Internationale<\/a>, la cour charg\u00e9e de rendre justice face aux crimes contre l'humanit\u00e9, au g\u00e9nocide et aux crimes de guerre dans le monde.<br\/><\/p>\n\n\n\n<p><strong>Kofi Annan fut le premier homme noir \u00e0 occuper ce poste<\/strong> \u00e0 l'ONU et le seul secr\u00e9taire g\u00e9n\u00e9ral \u00e0 avoir effectu\u00e9 pratiquement toute sa carri\u00e8re professionnelle au sein de l'organisation. Son action \u00e0 la t\u00eate de la lutte pour la protection des garanties fondamentales a \u00e9t\u00e9 reconnue en 2001 par le prix Nobel de la paix. <br\/><\/p>\n\n\n\n<p><strong>Dans sa carri\u00e8re, il a reconnu que les moments les plus difficiles de sa carri\u00e8re ont \u00e9t\u00e9 les attentats du 11 septembre contre les Tours jumelles.<\/strong> aux \u00c9tats-Unis et l'attentat suicide contre le si\u00e8ge des Nations Unies \u00e0 Bagdad en 2003. Apr\u00e8s avoir termin\u00e9 son mandat de Secr\u00e9taire g\u00e9n\u00e9ral, il a servi de m\u00e9diateur au Kenya, mettant fin \u00e0 une vague de violence dans le pays.<br\/><\/p>\n\n\n\n<p><strong>Au cours de sa carri\u00e8re professionnelle, il a re\u00e7u la m\u00e9daille du courage JFJ Memorial Museum<\/strong>, la libert\u00e9 de l'Universit\u00e9 de Saint-Gall, la justice internationale de la MacArthur Foundation, ainsi que d'autres prix internationaux gr\u00e2ce \u00e0 sa contribution \u00e0 la s\u00e9curit\u00e9, au d\u00e9veloppement, \u00e0 l'\u00e9ducation, \u00e0 la science, aux droits humains et \u00e0 la d\u00e9mocratie des peuples.<\/p>\n\n\n\n<p><strong>Sources consult\u00e9es<\/strong><\/p>\n\n\n\n<ul class=\"wp-block-list\"><li><a href=\"http:\/\/www.elmundo.es\/internacional\/2018\/08\/18\/5b77eaba468aeb99658b45ed.html\" target=\"_blank\" rel=\"noreferrer noopener\">elmundo.es<\/a><\/li><li><a href=\"https:\/\/www.abc.es\/internacional\/abci-fallece-kofi-annan-exsecretario-general-201808182000_video.html\">abc.es<\/a><\/li><li><a href=\"https:\/\/elpais.com\/elpais\/2018\/08\/18\/album\/1534586419_766520.html#foto_gal_26https:\/\/www.biografiasyvidas.com\/biografia\/a\/annan.htm\t\t\">biographiesv\u00e9cues<\/a><\/li><\/ul>","protected":false},"excerpt":{"rendered":"<p>\u00abLa educaci\u00f3n no solo enriquece la cultura. Es la primera condici\u00f3n para la libertad, la democracia y el desarrollo sostenible\u00bb Kofi Annan Sentir pasi\u00f3n por lo que se realiza es la forma \u00a0verdadera de trascender un cargo o una funci\u00f3n y lograr despertar capacidades reales para hacer del trabajo una labor y una forma de [&hellip;]<\/p>\n","protected":false},"author":1,"featured_media":2667,"comment_status":"closed","ping_status":"open","sticky":false,"template":"","format":"standard","meta":{"inline_featured_image":false,"ocean_post_layout":"","ocean_both_sidebars_style":"","ocean_both_sidebars_content_width":0,"ocean_both_sidebars_sidebars_width":0,"ocean_sidebar":"","ocean_second_sidebar":"","ocean_disable_margins":"enable","ocean_add_body_class":"","ocean_shortcode_before_top_bar":"","ocean_shortcode_after_top_bar":"","ocean_shortcode_before_header":"","ocean_shortcode_after_header":"","ocean_has_shortcode":"","ocean_shortcode_after_title":"","ocean_shortcode_before_footer_widgets":"","ocean_shortcode_after_footer_widgets":"","ocean_shortcode_before_footer_bottom":"","ocean_shortcode_after_footer_bottom":"","ocean_display_top_bar":"default","ocean_display_header":"default","ocean_header_style":"","ocean_center_header_left_menu":"","ocean_custom_header_template":"","ocean_custom_logo":0,"ocean_custom_retina_logo":0,"ocean_custom_logo_max_width":0,"ocean_custom_logo_tablet_max_width":0,"ocean_custom_logo_mobile_max_width":0,"ocean_custom_logo_max_height":0,"ocean_custom_logo_tablet_max_height":0,"ocean_custom_logo_mobile_max_height":0,"ocean_header_custom_menu":"","ocean_menu_typo_font_family":"","ocean_menu_typo_font_subset":"","ocean_menu_typo_font_size":0,"ocean_menu_typo_font_size_tablet":0,"ocean_menu_typo_font_size_mobile":0,"ocean_menu_typo_font_size_unit":"px","ocean_menu_typo_font_weight":"","ocean_menu_typo_font_weight_tablet":"","ocean_menu_typo_font_weight_mobile":"","ocean_menu_typo_transform":"","ocean_menu_typo_transform_tablet":"","ocean_menu_typo_transform_mobile":"","ocean_menu_typo_line_height":0,"ocean_menu_typo_line_height_tablet":0,"ocean_menu_typo_line_height_mobile":0,"ocean_menu_typo_line_height_unit":"","ocean_menu_typo_spacing":0,"ocean_menu_typo_spacing_tablet":0,"ocean_menu_typo_spacing_mobile":0,"ocean_menu_typo_spacing_unit":"","ocean_menu_link_color":"","ocean_menu_link_color_hover":"","ocean_menu_link_color_active":"","ocean_menu_link_background":"","ocean_menu_link_hover_background":"","ocean_menu_link_active_background":"","ocean_menu_social_links_bg":"","ocean_menu_social_hover_links_bg":"","ocean_menu_social_links_color":"","ocean_menu_social_hover_links_color":"","ocean_disable_title":"default","ocean_disable_heading":"default","ocean_post_title":"","ocean_post_subheading":"","ocean_post_title_style":"","ocean_post_title_background_color":"","ocean_post_title_background":0,"ocean_post_title_bg_image_position":"","ocean_post_title_bg_image_attachment":"","ocean_post_title_bg_image_repeat":"","ocean_post_title_bg_image_size":"","ocean_post_title_height":0,"ocean_post_title_bg_overlay":0.5,"ocean_post_title_bg_overlay_color":"","ocean_disable_breadcrumbs":"default","ocean_breadcrumbs_color":"","ocean_breadcrumbs_separator_color":"","ocean_breadcrumbs_links_color":"","ocean_breadcrumbs_links_hover_color":"","ocean_display_footer_widgets":"default","ocean_display_footer_bottom":"default","ocean_custom_footer_template":"","omw_enable_modal_window":"enable","ocean_post_oembed":"","ocean_post_self_hosted_media":"","ocean_post_video_embed":"","ocean_link_format":"","ocean_link_format_target":"self","ocean_quote_format":"","ocean_quote_format_link":"post","ocean_gallery_link_images":"on","ocean_gallery_id":[],"footnotes":""},"categories":[25],"tags":[95,375,111],"class_list":["post-2666","post","type-post","status-publish","format-standard","has-post-thumbnail","hentry","category-jurisdiccion-internacional","tag-derechos-humanos","tag-kofi-annan","tag-onu","entry","has-media"],"yoast_head":"<!-- This site is optimized with the Yoast SEO plugin v27.4 - https:\/\/yoast.com\/product\/yoast-seo-wordpress\/ -->\n<title>Kofi Annan: Una vida dedicada a la protecci\u00f3n de los derechos humanos<\/title>\n<meta name=\"description\" content=\"Compartimos en este post un brev\u00edsimo resumen de la trayectoria de Kofi Annan quien dedic\u00f3 su vida a la lucha por los derechos humanos.\" \/>\n<meta name=\"robots\" content=\"index, follow, max-snippet:-1, max-image-preview:large, max-video-preview:-1\" \/>\n<link rel=\"canonical\" href=\"https:\/\/venfort.com\/fr\/kofi-annan-droits-de-lhomme\/\" \/>\n<meta property=\"og:locale\" content=\"fr_FR\" \/>\n<meta property=\"og:type\" content=\"article\" \/>\n<meta property=\"og:title\" content=\"Kofi Annan: Una vida dedicada a la protecci\u00f3n de los derechos humanos\" \/>\n<meta property=\"og:description\" content=\"Compartimos en este post un brev\u00edsimo resumen de la trayectoria de Kofi Annan quien dedic\u00f3 su vida a la lucha por los derechos humanos.\" \/>\n<meta property=\"og:url\" content=\"https:\/\/venfort.com\/fr\/kofi-annan-droits-de-lhomme\/\" \/>\n<meta property=\"og:site_name\" content=\"Venfort\" \/>\n<meta property=\"article:publisher\" content=\"https:\/\/www.facebook.com\/venfortyabogados\" \/>\n<meta property=\"article:published_time\" content=\"2018-09-06T12:00:36+00:00\" \/>\n<meta property=\"og:image\" content=\"https:\/\/venfort.com\/wp-content\/uploads\/2018\/09\/Kofi-Annan.jpg\" \/>\n\t<meta property=\"og:image:width\" content=\"1280\" \/>\n\t<meta property=\"og:image:height\" content=\"720\" \/>\n\t<meta property=\"og:image:type\" content=\"image\/jpeg\" \/>\n<meta name=\"author\" content=\"VENFORT\" \/>\n<meta name=\"twitter:card\" content=\"summary_large_image\" \/>\n<meta name=\"twitter:creator\" content=\"@Venfortabogados\" \/>\n<meta name=\"twitter:site\" content=\"@Venfortabogados\" \/>\n<meta name=\"twitter:label1\" content=\"\u00c9crit par\" \/>\n\t<meta name=\"twitter:data1\" content=\"VENFORT\" \/>\n\t<meta name=\"twitter:label2\" content=\"Dur\u00e9e de lecture estim\u00e9e\" \/>\n\t<meta name=\"twitter:data2\" content=\"3 minutes\" \/>\n<script type=\"application\/ld+json\" class=\"yoast-schema-graph\">{\"@context\":\"https:\\\/\\\/schema.org\",\"@graph\":[{\"@type\":\"Article\",\"@id\":\"https:\\\/\\\/venfort.com\\\/kofi-annan-derechos-humanos\\\/#article\",\"isPartOf\":{\"@id\":\"https:\\\/\\\/venfort.com\\\/kofi-annan-derechos-humanos\\\/\"},\"author\":{\"name\":\"VENFORT\",\"@id\":\"https:\\\/\\\/venfort.com\\\/#\\\/schema\\\/person\\\/6c0e1de9015eb56bbbf307df50c9872e\"},\"headline\":\"Kofi Annan: Una vida dedicada a la protecci\u00f3n de los derechos humanos\",\"datePublished\":\"2018-09-06T12:00:36+00:00\",\"mainEntityOfPage\":{\"@id\":\"https:\\\/\\\/venfort.com\\\/kofi-annan-derechos-humanos\\\/\"},\"wordCount\":673,\"publisher\":{\"@id\":\"https:\\\/\\\/venfort.com\\\/#organization\"},\"image\":{\"@id\":\"https:\\\/\\\/venfort.com\\\/kofi-annan-derechos-humanos\\\/#primaryimage\"},\"thumbnailUrl\":\"https:\\\/\\\/venfort.com\\\/wp-content\\\/uploads\\\/2018\\\/09\\\/Kofi-Annan.jpg\",\"keywords\":[\"Derechos Humanos\",\"Kofi Annan\",\"ONU\"],\"articleSection\":[\"Jurisdicci\u00f3n Internacional\"],\"inLanguage\":\"fr-FR\"},{\"@type\":\"WebPage\",\"@id\":\"https:\\\/\\\/venfort.com\\\/kofi-annan-derechos-humanos\\\/\",\"url\":\"https:\\\/\\\/venfort.com\\\/kofi-annan-derechos-humanos\\\/\",\"name\":\"Kofi Annan: Una vida dedicada a la protecci\u00f3n de los derechos humanos\",\"isPartOf\":{\"@id\":\"https:\\\/\\\/venfort.com\\\/#website\"},\"primaryImageOfPage\":{\"@id\":\"https:\\\/\\\/venfort.com\\\/kofi-annan-derechos-humanos\\\/#primaryimage\"},\"image\":{\"@id\":\"https:\\\/\\\/venfort.com\\\/kofi-annan-derechos-humanos\\\/#primaryimage\"},\"thumbnailUrl\":\"https:\\\/\\\/venfort.com\\\/wp-content\\\/uploads\\\/2018\\\/09\\\/Kofi-Annan.jpg\",\"datePublished\":\"2018-09-06T12:00:36+00:00\",\"description\":\"Compartimos en este post un brev\u00edsimo resumen de la trayectoria de Kofi Annan quien dedic\u00f3 su vida a la lucha por los derechos humanos.\",\"breadcrumb\":{\"@id\":\"https:\\\/\\\/venfort.com\\\/kofi-annan-derechos-humanos\\\/#breadcrumb\"},\"inLanguage\":\"fr-FR\",\"potentialAction\":[{\"@type\":\"ReadAction\",\"target\":[\"https:\\\/\\\/venfort.com\\\/kofi-annan-derechos-humanos\\\/\"]}]},{\"@type\":\"ImageObject\",\"inLanguage\":\"fr-FR\",\"@id\":\"https:\\\/\\\/venfort.com\\\/kofi-annan-derechos-humanos\\\/#primaryimage\",\"url\":\"https:\\\/\\\/venfort.com\\\/wp-content\\\/uploads\\\/2018\\\/09\\\/Kofi-Annan.jpg\",\"contentUrl\":\"https:\\\/\\\/venfort.com\\\/wp-content\\\/uploads\\\/2018\\\/09\\\/Kofi-Annan.jpg\",\"width\":1280,\"height\":720},{\"@type\":\"BreadcrumbList\",\"@id\":\"https:\\\/\\\/venfort.com\\\/kofi-annan-derechos-humanos\\\/#breadcrumb\",\"itemListElement\":[{\"@type\":\"ListItem\",\"position\":1,\"name\":\"Portada\",\"item\":\"https:\\\/\\\/venfort.com\\\/\"},{\"@type\":\"ListItem\",\"position\":2,\"name\":\"Kofi Annan: Una vida dedicada a la protecci\u00f3n de los derechos humanos\"}]},{\"@type\":\"WebSite\",\"@id\":\"https:\\\/\\\/venfort.com\\\/#website\",\"url\":\"https:\\\/\\\/venfort.com\\\/\",\"name\":\"Venfort\",\"description\":\"Firma de Abogados | Derecho Penal Econ\u00f3mico, Derecho Penal Internacional, Derecho de Empresas, Derecho Financiero, Derecho Administrativo, Derecho Civil y Sucesiones Internacionales\",\"publisher\":{\"@id\":\"https:\\\/\\\/venfort.com\\\/#organization\"},\"alternateName\":\"VENFORT\",\"potentialAction\":[{\"@type\":\"SearchAction\",\"target\":{\"@type\":\"EntryPoint\",\"urlTemplate\":\"https:\\\/\\\/venfort.com\\\/?s={search_term_string}\"},\"query-input\":{\"@type\":\"PropertyValueSpecification\",\"valueRequired\":true,\"valueName\":\"search_term_string\"}}],\"inLanguage\":\"fr-FR\"},{\"@type\":\"Organization\",\"@id\":\"https:\\\/\\\/venfort.com\\\/#organization\",\"name\":\"Venfort Abogados\",\"alternateName\":\"VENFORT\",\"url\":\"https:\\\/\\\/venfort.com\\\/\",\"logo\":{\"@type\":\"ImageObject\",\"inLanguage\":\"fr-FR\",\"@id\":\"https:\\\/\\\/venfort.com\\\/#\\\/schema\\\/logo\\\/image\\\/\",\"url\":\"https:\\\/\\\/venfort.com\\\/wp-content\\\/uploads\\\/2026\\\/03\\\/Logo_Venfort_Horizontal_Color.png\",\"contentUrl\":\"https:\\\/\\\/venfort.com\\\/wp-content\\\/uploads\\\/2026\\\/03\\\/Logo_Venfort_Horizontal_Color.png\",\"width\":1000,\"height\":237,\"caption\":\"Venfort Abogados\"},\"image\":{\"@id\":\"https:\\\/\\\/venfort.com\\\/#\\\/schema\\\/logo\\\/image\\\/\"},\"sameAs\":[\"https:\\\/\\\/www.facebook.com\\\/venfortyabogados\",\"https:\\\/\\\/x.com\\\/Venfortabogados\",\"https:\\\/\\\/www.linkedin.com\\\/company\\\/venfort-aldana-abogados\",\"https:\\\/\\\/www.instagram.com\\\/venfortabogados\"]},{\"@type\":\"Person\",\"@id\":\"https:\\\/\\\/venfort.com\\\/#\\\/schema\\\/person\\\/6c0e1de9015eb56bbbf307df50c9872e\",\"name\":\"VENFORT\",\"image\":{\"@type\":\"ImageObject\",\"inLanguage\":\"fr-FR\",\"@id\":\"https:\\\/\\\/secure.gravatar.com\\\/avatar\\\/4d96769bd368e8f15c4aec9dce5b759ea0d3a49ad69242757e358a4ec75eba02?s=96&d=mm&r=g\",\"url\":\"https:\\\/\\\/secure.gravatar.com\\\/avatar\\\/4d96769bd368e8f15c4aec9dce5b759ea0d3a49ad69242757e358a4ec75eba02?s=96&d=mm&r=g\",\"contentUrl\":\"https:\\\/\\\/secure.gravatar.com\\\/avatar\\\/4d96769bd368e8f15c4aec9dce5b759ea0d3a49ad69242757e358a4ec75eba02?s=96&d=mm&r=g\",\"caption\":\"VENFORT\"},\"url\":\"https:\\\/\\\/venfort.com\\\/fr\\\/author\\\/venfortadmin\\\/\"}]}<\/script>\n<!-- \/ Yoast SEO plugin. -->","yoast_head_json":{"title":"Kofi Annan : Une vie consacr\u00e9e \u00e0 la protection des droits de l'homme","description":"Dans ce billet, nous vous proposons un tr\u00e8s bref r\u00e9sum\u00e9 de la carri\u00e8re de Kofi Annan, qui a consacr\u00e9 sa vie \u00e0 la lutte pour les droits de l'homme.","robots":{"index":"index","follow":"follow","max-snippet":"max-snippet:-1","max-image-preview":"max-image-preview:large","max-video-preview":"max-video-preview:-1"},"canonical":"https:\/\/venfort.com\/fr\/kofi-annan-droits-de-lhomme\/","og_locale":"fr_FR","og_type":"article","og_title":"Kofi Annan: Una vida dedicada a la protecci\u00f3n de los derechos humanos","og_description":"Compartimos en este post un brev\u00edsimo resumen de la trayectoria de Kofi Annan quien dedic\u00f3 su vida a la lucha por los derechos humanos.","og_url":"https:\/\/venfort.com\/fr\/kofi-annan-droits-de-lhomme\/","og_site_name":"Venfort","article_publisher":"https:\/\/www.facebook.com\/venfortyabogados","article_published_time":"2018-09-06T12:00:36+00:00","og_image":[{"width":1280,"height":720,"url":"https:\/\/venfort.com\/wp-content\/uploads\/2018\/09\/Kofi-Annan.jpg","type":"image\/jpeg"}],"author":"VENFORT","twitter_card":"summary_large_image","twitter_creator":"@Venfortabogados","twitter_site":"@Venfortabogados","twitter_misc":{"\u00c9crit par":"VENFORT","Dur\u00e9e de lecture estim\u00e9e":"3 minutes"},"schema":{"@context":"https:\/\/schema.org","@graph":[{"@type":"Article","@id":"https:\/\/venfort.com\/kofi-annan-derechos-humanos\/#article","isPartOf":{"@id":"https:\/\/venfort.com\/kofi-annan-derechos-humanos\/"},"author":{"name":"VENFORT","@id":"https:\/\/venfort.com\/#\/schema\/person\/6c0e1de9015eb56bbbf307df50c9872e"},"headline":"Kofi Annan: Una vida dedicada a la protecci\u00f3n de los derechos humanos","datePublished":"2018-09-06T12:00:36+00:00","mainEntityOfPage":{"@id":"https:\/\/venfort.com\/kofi-annan-derechos-humanos\/"},"wordCount":673,"publisher":{"@id":"https:\/\/venfort.com\/#organization"},"image":{"@id":"https:\/\/venfort.com\/kofi-annan-derechos-humanos\/#primaryimage"},"thumbnailUrl":"https:\/\/venfort.com\/wp-content\/uploads\/2018\/09\/Kofi-Annan.jpg","keywords":["Derechos Humanos","Kofi Annan","ONU"],"articleSection":["Jurisdicci\u00f3n Internacional"],"inLanguage":"fr-FR"},{"@type":"WebPage","@id":"https:\/\/venfort.com\/kofi-annan-derechos-humanos\/","url":"https:\/\/venfort.com\/kofi-annan-derechos-humanos\/","name":"Kofi Annan : Une vie consacr\u00e9e \u00e0 la protection des droits de l'homme","isPartOf":{"@id":"https:\/\/venfort.com\/#website"},"primaryImageOfPage":{"@id":"https:\/\/venfort.com\/kofi-annan-derechos-humanos\/#primaryimage"},"image":{"@id":"https:\/\/venfort.com\/kofi-annan-derechos-humanos\/#primaryimage"},"thumbnailUrl":"https:\/\/venfort.com\/wp-content\/uploads\/2018\/09\/Kofi-Annan.jpg","datePublished":"2018-09-06T12:00:36+00:00","description":"Dans ce billet, nous vous proposons un tr\u00e8s bref r\u00e9sum\u00e9 de la carri\u00e8re de Kofi Annan, qui a consacr\u00e9 sa vie \u00e0 la lutte pour les droits de l'homme.","breadcrumb":{"@id":"https:\/\/venfort.com\/kofi-annan-derechos-humanos\/#breadcrumb"},"inLanguage":"fr-FR","potentialAction":[{"@type":"ReadAction","target":["https:\/\/venfort.com\/kofi-annan-derechos-humanos\/"]}]},{"@type":"ImageObject","inLanguage":"fr-FR","@id":"https:\/\/venfort.com\/kofi-annan-derechos-humanos\/#primaryimage","url":"https:\/\/venfort.com\/wp-content\/uploads\/2018\/09\/Kofi-Annan.jpg","contentUrl":"https:\/\/venfort.com\/wp-content\/uploads\/2018\/09\/Kofi-Annan.jpg","width":1280,"height":720},{"@type":"BreadcrumbList","@id":"https:\/\/venfort.com\/kofi-annan-derechos-humanos\/#breadcrumb","itemListElement":[{"@type":"ListItem","position":1,"name":"Portada","item":"https:\/\/venfort.com\/"},{"@type":"ListItem","position":2,"name":"Kofi Annan: Una vida dedicada a la protecci\u00f3n de los derechos humanos"}]},{"@type":"WebSite","@id":"https:\/\/venfort.com\/#website","url":"https:\/\/venfort.com\/","name":"Venfort","description":"Cabinet : Droit p\u00e9nal \u00e9conomique, droit p\u00e9nal international, droit des soci\u00e9t\u00e9s, droit financier, droit administratif, droit civil et droit des successions internationales","publisher":{"@id":"https:\/\/venfort.com\/#organization"},"alternateName":"VENFORT","potentialAction":[{"@type":"SearchAction","target":{"@type":"EntryPoint","urlTemplate":"https:\/\/venfort.com\/?s={search_term_string}"},"query-input":{"@type":"PropertyValueSpecification","valueRequired":true,"valueName":"search_term_string"}}],"inLanguage":"fr-FR"},{"@type":"Organization","@id":"https:\/\/venfort.com\/#organization","name":"Avocats de Venfort","alternateName":"VENFORT","url":"https:\/\/venfort.com\/","logo":{"@type":"ImageObject","inLanguage":"fr-FR","@id":"https:\/\/venfort.com\/#\/schema\/logo\/image\/","url":"https:\/\/venfort.com\/wp-content\/uploads\/2026\/03\/Logo_Venfort_Horizontal_Color.png","contentUrl":"https:\/\/venfort.com\/wp-content\/uploads\/2026\/03\/Logo_Venfort_Horizontal_Color.png","width":1000,"height":237,"caption":"Venfort Abogados"},"image":{"@id":"https:\/\/venfort.com\/#\/schema\/logo\/image\/"},"sameAs":["https:\/\/www.facebook.com\/venfortyabogados","https:\/\/x.com\/Venfortabogados","https:\/\/www.linkedin.com\/company\/venfort-aldana-abogados","https:\/\/www.instagram.com\/venfortabogados"]},{"@type":"Person","@id":"https:\/\/venfort.com\/#\/schema\/person\/6c0e1de9015eb56bbbf307df50c9872e","name":"VENFORT","image":{"@type":"ImageObject","inLanguage":"fr-FR","@id":"https:\/\/secure.gravatar.com\/avatar\/4d96769bd368e8f15c4aec9dce5b759ea0d3a49ad69242757e358a4ec75eba02?s=96&d=mm&r=g","url":"https:\/\/secure.gravatar.com\/avatar\/4d96769bd368e8f15c4aec9dce5b759ea0d3a49ad69242757e358a4ec75eba02?s=96&d=mm&r=g","contentUrl":"https:\/\/secure.gravatar.com\/avatar\/4d96769bd368e8f15c4aec9dce5b759ea0d3a49ad69242757e358a4ec75eba02?s=96&d=mm&r=g","caption":"VENFORT"},"url":"https:\/\/venfort.com\/fr\/author\/venfortadmin\/"}]}},"_links":{"self":[{"href":"https:\/\/venfort.com\/fr\/wp-json\/wp\/v2\/posts\/2666","targetHints":{"allow":["GET"]}}],"collection":[{"href":"https:\/\/venfort.com\/fr\/wp-json\/wp\/v2\/posts"}],"about":[{"href":"https:\/\/venfort.com\/fr\/wp-json\/wp\/v2\/types\/post"}],"author":[{"embeddable":true,"href":"https:\/\/venfort.com\/fr\/wp-json\/wp\/v2\/users\/1"}],"replies":[{"embeddable":true,"href":"https:\/\/venfort.com\/fr\/wp-json\/wp\/v2\/comments?post=2666"}],"version-history":[{"count":0,"href":"https:\/\/venfort.com\/fr\/wp-json\/wp\/v2\/posts\/2666\/revisions"}],"wp:featuredmedia":[{"embeddable":true,"href":"https:\/\/venfort.com\/fr\/wp-json\/wp\/v2\/media\/2667"}],"wp:attachment":[{"href":"https:\/\/venfort.com\/fr\/wp-json\/wp\/v2\/media?parent=2666"}],"wp:term":[{"taxonomy":"category","embeddable":true,"href":"https:\/\/venfort.com\/fr\/wp-json\/wp\/v2\/categories?post=2666"},{"taxonomy":"post_tag","embeddable":true,"href":"https:\/\/venfort.com\/fr\/wp-json\/wp\/v2\/tags?post=2666"}],"curies":[{"name":"wp","href":"https:\/\/api.w.org\/{rel}","templated":true}]}}