{"id":2509,"date":"2020-03-05T08:00:00","date_gmt":"2020-03-05T12:00:00","guid":{"rendered":"https:\/\/venfort.com\/blog\/?p=1123"},"modified":"2020-03-05T08:00:00","modified_gmt":"2020-03-05T12:00:00","slug":"%e6%b5%b7%e5%85%b3%e7%bb%84%e7%bb%87%e6%b3%95%e6%94%b9%e9%9d%a9","status":"publish","type":"post","link":"https:\/\/venfort.com\/zh\/reforma-de-la-ley-organica-de-aduanas\/","title":{"rendered":"\u5173\u4e8e\u6d77\u5173\u7ec4\u7ec7\u6cd5\u7684\u6539\u9769"},"content":{"rendered":"<blockquote class=\"wp-block-quote is-layout-flow wp-block-quote-is-layout-flow\"><p>2020\u5e741\u670829\u65e5\uff0c\u5728\u4e8e <a href=\"https:\/\/venfort.com\/wp-content\/uploads\/2020\/03\/GO_6.507_Ley-Organica-de-Aduanas.pdf\" target=\"_blank\" rel=\"noreferrer noopener\" aria-label=\"\u7b2c 6.507 \u53f7\u300a\u653f\u5e9c\u516c\u62a5\u300b\uff08\u5728\u65b0\u6807\u7b7e\u4e2d\u6253\u5f00\uff09\">\u5b98\u65b9\u516c\u62a5\u7b2c 6.507 \u53f7<\/a> \u975e\u51e1\uff0c\u6d77\u5173\u7ec4\u7ec7\u6cd5\u7684\u6539\u9769\uff0c\u5176\u4e2d\u4e00\u4e9b\u7ec6\u5fae\u4f46\u5b9e\u8d28\u6027\u7684\u65b9\u9762\u4e0e\u4e4b\u524d\u7684\u6cd5\u5f8b\u76f8\u6bd4\u8f83\u800c\u6709\u6240\u4fee\u6539\uff0c\u4f8b\u5982\uff1a <\/p><\/blockquote>\n\n\n\n<p>\u8d38\u6613\u653f\u7b56\u5df2\u7eb3\u5165\u6cd5\u5f8b\u7684\u9002\u7528\u8303\u56f4\uff0c\u8fd9\u4f3c\u4e4e\u6db5\u76d6\u4e86\u6bd4\u5148\u524d\u89c4\u5b9a\u7684\u66f4\u5e7f\u6cdb\u7684\u6cd5\u5f8b\u4fdd\u62a4\u5bf9\u8c61\u3002. <\/p>\n\n\n\n<h2 class=\"wp-block-heading\">\u6d77\u5173\u7ec4\u7ec7\u6cd5\u6539\u9769\u8981\u70b9<\/h2>\n\n\n\n<p><strong>\u6539\u9769\u7684\u5176\u4ed6\u4eae\u70b9\u5305\u62ec<\/strong> \u8d4b\u4e88\u5171\u548c\u56fd\u603b\u7edf\u7684\u6743\u529b\uff0c\u5305\u62ec\u89c4\u8303\u5916\u8d38\u7684\u603b\u4f53\u548c\u90e8\u95e8\u653f\u7b56\u4e0e\u6218\u7565\uff0c\u4fc3\u8fdb\u548c\u9f13\u52b1\u51fa\u53e3\uff0c\u4ee5\u53ca\u8bbe\u7acb\u548c\u64a4\u9500\u6d77\u5173\u529e\u4e8b\u5904\u3002\u5b83\u8fd8\u5f3a\u8c03\u4e86\u5b9e\u65bd\u89c4\u5219\u548c\u63aa\u65bd\u7684\u53ef\u80fd\u6027\uff0c\u4ee5 \u00ab\u4fdd\u969c \u00bb\u56fd\u5bb6\u5b8f\u89c2\u7ecf\u6d4e\u7684\u7a33\u5b9a\uff0c\u62b5\u5236\u5f71\u54cd\u56fd\u5bb6\u751f\u4ea7\u7684\u4e0d\u516c\u5e73\u56fd\u9645\u8d38\u6613\u884c\u4e3a\u3002. <\/p>\n\n\n\n<blockquote class=\"wp-block-quote has-text-align-center is-layout-flow wp-block-quote-is-layout-flow\"><p>\u6b64\u5916\uff0c\u8fd8\u6388\u6743\u603b\u7edf\u59d4\u6258\u884c\u4f7f\u5176\u804c\u6743\uff0c\u5e76\u4e3a\u6b64\u8bbe\u7acb\u603b\u7edf\u59d4\u5458\u4f1a\u6216\u8de8\u90e8\u95e8\u59d4\u5458\u4f1a\u3002. <\/p><\/blockquote>\n\n\n\n<p><strong>\u5173\u4e8e\u8d39\u7528\u548c\u5176\u4ed6\u6350\u52a9<\/strong>, que anteriormente se expresaban en funci\u00f3n de las unidades tributarias, con la nueva reforma, se tomar\u00e1 en consideraci\u00f3n el tipo de cambio oficial de la moneda de mayor valor publicado por el Banco Central de Venezuela (BCV) y se aplicar\u00e1 cuantitativamente seg\u00fan varias veces, lo que en la mayor\u00eda de los casos coincide con el n\u00famero de unidades tributarias que se estimaban en la ley anterior, por lo que se sustituye dicha medida como base para normalizar o actualizar los valores distorsionados por la inflaci\u00f3n. <\/p>\n\n\n\n<p><strong>\u4e0a\u8ff0\u89c4\u5b9a\u540c\u6837\u9002\u7528\u4e8e\u7f5a\u6b3e\u3002<\/strong>, \u7a0e\u52a1\u5c40\u5e94\u91c7\u7528\u59d4\u5185\u745e\u62c9\u4e2d\u592e\u94f6\u884c\uff08BCV\uff09\u516c\u5e03\u7684\u6700\u9ad8\u4ef7\u503c\u8d27\u5e01\u7684\u5b98\u65b9\u6c47\u7387\uff0c\u8be5\u6c47\u7387\u4e0e\u5b9e\u65bd\u72af\u7f6a\u4e4b\u65e5\u7684\u6c47\u7387\u4e00\u81f4\uff0c\u5e76\u4ee5 \u00ab\u500d \u00bb\u4e3a\u5355\u4f4d\u8fdb\u884c\u76f8\u5e94\u8ba1\u7b97\u3002. <\/p>\n\n\n\n<p><strong>\u6539\u9769\u8fd8\u89c4\u5b9a\u4e86 180 \u5929\u7684\u671f\u9650<\/strong>, \u81ea\u751f\u6548\u4e4b\u65e5\u8d77\u7b97\uff0c\u56fd\u5bb6\u884c\u653f\u90e8\u95e8\u9700\u8981\u5236\u5b9a\u76f8\u5173\u89c4\u5b9a\u6765\u7ba1\u7406\u4fdd\u7a0e\u4ed3\u5e93\uff08in bond\uff09\u3002.<\/p>\n\n\n\n<p><strong>\u65b0\u89c4\u5b9a\u5c06\u751f\u6548<\/strong> \u81ea\u300a\u5b98\u65b9\u516c\u62a5\u300b\u53d1\u5e03\u4e4b\u65e5\u8d77\u8fde\u7eed 20 \u5929\u7ed3\u675f\u540e\uff0c\u5373 2019 \u5e74 1 \u6708 29 \u65e5\u3002.<\/p>\n\n\n\n<h4 class=\"has-text-align-center wp-block-heading\">\u5728 Alan Aldana &amp; Abogados\uff0c\u6211\u4eec\u62e5\u6709\u4e00\u652f\u4e13\u4e1a\u7684\u7a0e\u52a1\u56e2\u961f\uff0c\u81f4\u529b\u4e8e\u5904\u7406\u76f8\u5173\u4e8b\u5b9c\uff0c\u5e76\u4e3a\u7ef4\u62a4\u5ba2\u6237\u7684\u6743\u5229\u548c\u5229\u76ca\u63d0\u4f9b\u51c6\u786e\u7684\u54a8\u8be2\u3002.<\/h4>\n\n\n\n<h4 class=\"wp-block-heading\">\u8d44\u6599\u6765\u6e90<\/h4>\n\n\n\n<ul class=\"wp-block-list\"><li><a rel=\"noreferrer noopener\" href=\"https:\/\/venfort.com\/wp-content\/uploads\/2020\/03\/GO_6.507_Ley-Organica-de-Aduanas.pdf\" target=\"_blank\">\u5b98\u65b9\u516c\u62a5\u7b2c 6.507 \u53f7<\/a><em> <\/em>- \u6d77\u5173\u6cd5<\/li><\/ul>","protected":false},"excerpt":{"rendered":"<p>En fecha 29 de enero de 2020, fue publicada en Gaceta Oficial N\u00b0 6.507 Extraordinario, la reforma de la Ley Org\u00e1nica de Aduanas, en la cual se modifican aspectos puntuales pero sustanciales en contraste con la anterior, tales como: Se incluye la pol\u00edtica comercial en el \u00e1mbito de aplicaci\u00f3n de la Ley, lo cual parece [&hellip;]<\/p>\n","protected":false},"author":1,"featured_media":2510,"comment_status":"closed","ping_status":"open","sticky":false,"template":"","format":"standard","meta":{"inline_featured_image":false,"ocean_post_layout":"","ocean_both_sidebars_style":"","ocean_both_sidebars_content_width":0,"ocean_both_sidebars_sidebars_width":0,"ocean_sidebar":"","ocean_second_sidebar":"","ocean_disable_margins":"enable","ocean_add_body_class":"","ocean_shortcode_before_top_bar":"","ocean_shortcode_after_top_bar":"","ocean_shortcode_before_header":"","ocean_shortcode_after_header":"","ocean_has_shortcode":"","ocean_shortcode_after_title":"","ocean_shortcode_before_footer_widgets":"","ocean_shortcode_after_footer_widgets":"","ocean_shortcode_before_footer_bottom":"","ocean_shortcode_after_footer_bottom":"","ocean_display_top_bar":"default","ocean_display_header":"default","ocean_header_style":"","ocean_center_header_left_menu":"","ocean_custom_header_template":"","ocean_custom_logo":0,"ocean_custom_retina_logo":0,"ocean_custom_logo_max_width":0,"ocean_custom_logo_tablet_max_width":0,"ocean_custom_logo_mobile_max_width":0,"ocean_custom_logo_max_height":0,"ocean_custom_logo_tablet_max_height":0,"ocean_custom_logo_mobile_max_height":0,"ocean_header_custom_menu":"","ocean_menu_typo_font_family":"","ocean_menu_typo_font_subset":"","ocean_menu_typo_font_size":0,"ocean_menu_typo_font_size_tablet":0,"ocean_menu_typo_font_size_mobile":0,"ocean_menu_typo_font_size_unit":"px","ocean_menu_typo_font_weight":"","ocean_menu_typo_font_weight_tablet":"","ocean_menu_typo_font_weight_mobile":"","ocean_menu_typo_transform":"","ocean_menu_typo_transform_tablet":"","ocean_menu_typo_transform_mobile":"","ocean_menu_typo_line_height":0,"ocean_menu_typo_line_height_tablet":0,"ocean_menu_typo_line_height_mobile":0,"ocean_menu_typo_line_height_unit":"","ocean_menu_typo_spacing":0,"ocean_menu_typo_spacing_tablet":0,"ocean_menu_typo_spacing_mobile":0,"ocean_menu_typo_spacing_unit":"","ocean_menu_link_color":"","ocean_menu_link_color_hover":"","ocean_menu_link_color_active":"","ocean_menu_link_background":"","ocean_menu_link_hover_background":"","ocean_menu_link_active_background":"","ocean_menu_social_links_bg":"","ocean_menu_social_hover_links_bg":"","ocean_menu_social_links_color":"","ocean_menu_social_hover_links_color":"","ocean_disable_title":"default","ocean_disable_heading":"default","ocean_post_title":"","ocean_post_subheading":"","ocean_post_title_style":"","ocean_post_title_background_color":"","ocean_post_title_background":0,"ocean_post_title_bg_image_position":"","ocean_post_title_bg_image_attachment":"","ocean_post_title_bg_image_repeat":"","ocean_post_title_bg_image_size":"","ocean_post_title_height":0,"ocean_post_title_bg_overlay":0.5,"ocean_post_title_bg_overlay_color":"","ocean_disable_breadcrumbs":"default","ocean_breadcrumbs_color":"","ocean_breadcrumbs_separator_color":"","ocean_breadcrumbs_links_color":"","ocean_breadcrumbs_links_hover_color":"","ocean_display_footer_widgets":"default","ocean_display_footer_bottom":"default","ocean_custom_footer_template":"","omw_enable_modal_window":"enable","ocean_post_oembed":"","ocean_post_self_hosted_media":"","ocean_post_video_embed":"","ocean_link_format":"","ocean_link_format_target":"self","ocean_quote_format":"","ocean_quote_format_link":"post","ocean_gallery_link_images":"on","ocean_gallery_id":[],"footnotes":""},"categories":[29],"tags":[225,227,41],"class_list":["post-2509","post","type-post","status-publish","format-standard","has-post-thumbnail","hentry","category-ejercicio-profesional","tag-aduanas","tag-ley-organica","tag-venezuela","entry","has-media"],"yoast_head":"<!-- This site is optimized with the Yoast SEO plugin v27.4 - https:\/\/yoast.com\/product\/yoast-seo-wordpress\/ -->\n<title>Sobre la reforma de la ley org\u00e1nica de aduanas - Alan Aldana &amp; Abogados<\/title>\n<meta name=\"description\" content=\"En fecha 29 de enero de 2020, fue publicada en Gaceta Oficial N\u00b0 6.507 Extraordinario, la reforma de la Ley Org\u00e1nica de Aduanas.\" \/>\n<meta name=\"robots\" content=\"index, follow, max-snippet:-1, max-image-preview:large, max-video-preview:-1\" \/>\n<link rel=\"canonical\" href=\"https:\/\/venfort.com\/zh\/\u6d77\u5173\u7ec4\u7ec7\u6cd5\u6539\u9769\/\" \/>\n<meta property=\"og:locale\" content=\"zh_CN\" \/>\n<meta property=\"og:type\" content=\"article\" \/>\n<meta property=\"og:title\" content=\"Sobre la reforma de la ley org\u00e1nica de aduanas - Alan Aldana &amp; Abogados\" \/>\n<meta property=\"og:description\" content=\"En fecha 29 de enero de 2020, fue publicada en Gaceta Oficial N\u00b0 6.507 Extraordinario, la reforma de la Ley Org\u00e1nica de Aduanas.\" \/>\n<meta property=\"og:url\" content=\"https:\/\/venfort.com\/zh\/\u6d77\u5173\u7ec4\u7ec7\u6cd5\u6539\u9769\/\" \/>\n<meta property=\"og:site_name\" content=\"Venfort\" \/>\n<meta property=\"article:publisher\" content=\"https:\/\/www.facebook.com\/venfortyabogados\" \/>\n<meta property=\"article:published_time\" content=\"2020-03-05T12:00:00+00:00\" \/>\n<meta property=\"og:image\" content=\"https:\/\/venfort.com\/wp-content\/uploads\/2020\/03\/reforma-de-la-ley-organica-de-aduanas.jpg\" \/>\n\t<meta property=\"og:image:width\" content=\"1024\" \/>\n\t<meta property=\"og:image:height\" content=\"512\" \/>\n\t<meta property=\"og:image:type\" content=\"image\/jpeg\" \/>\n<meta name=\"author\" content=\"VENFORT\" \/>\n<meta name=\"twitter:card\" content=\"summary_large_image\" \/>\n<meta name=\"twitter:creator\" content=\"@Venfortabogados\" \/>\n<meta name=\"twitter:site\" content=\"@Venfortabogados\" \/>\n<meta name=\"twitter:label1\" content=\"\u4f5c\u8005\" \/>\n\t<meta name=\"twitter:data1\" content=\"VENFORT\" \/>\n\t<meta name=\"twitter:label2\" content=\"\u9884\u8ba1\u9605\u8bfb\u65f6\u95f4\" \/>\n\t<meta name=\"twitter:data2\" content=\"2 \u5206\" \/>\n<script type=\"application\/ld+json\" class=\"yoast-schema-graph\">{\"@context\":\"https:\\\/\\\/schema.org\",\"@graph\":[{\"@type\":\"Article\",\"@id\":\"https:\\\/\\\/venfort.com\\\/reforma-de-la-ley-organica-de-aduanas\\\/#article\",\"isPartOf\":{\"@id\":\"https:\\\/\\\/venfort.com\\\/reforma-de-la-ley-organica-de-aduanas\\\/\"},\"author\":{\"name\":\"VENFORT\",\"@id\":\"https:\\\/\\\/venfort.com\\\/#\\\/schema\\\/person\\\/6c0e1de9015eb56bbbf307df50c9872e\"},\"headline\":\"Sobre la reforma de la ley org\u00e1nica de aduanas\",\"datePublished\":\"2020-03-05T12:00:00+00:00\",\"mainEntityOfPage\":{\"@id\":\"https:\\\/\\\/venfort.com\\\/reforma-de-la-ley-organica-de-aduanas\\\/\"},\"wordCount\":476,\"publisher\":{\"@id\":\"https:\\\/\\\/venfort.com\\\/#organization\"},\"image\":{\"@id\":\"https:\\\/\\\/venfort.com\\\/reforma-de-la-ley-organica-de-aduanas\\\/#primaryimage\"},\"thumbnailUrl\":\"https:\\\/\\\/venfort.com\\\/wp-content\\\/uploads\\\/2020\\\/03\\\/reforma-de-la-ley-organica-de-aduanas.jpg\",\"keywords\":[\"Aduanas\",\"Ley Organica\",\"Venezuela\"],\"articleSection\":[\"Ejercicio Profesional\"],\"inLanguage\":\"zh-Hans\"},{\"@type\":\"WebPage\",\"@id\":\"https:\\\/\\\/venfort.com\\\/reforma-de-la-ley-organica-de-aduanas\\\/\",\"url\":\"https:\\\/\\\/venfort.com\\\/reforma-de-la-ley-organica-de-aduanas\\\/\",\"name\":\"Sobre la reforma de la ley org\u00e1nica de aduanas - Alan Aldana & Abogados\",\"isPartOf\":{\"@id\":\"https:\\\/\\\/venfort.com\\\/#website\"},\"primaryImageOfPage\":{\"@id\":\"https:\\\/\\\/venfort.com\\\/reforma-de-la-ley-organica-de-aduanas\\\/#primaryimage\"},\"image\":{\"@id\":\"https:\\\/\\\/venfort.com\\\/reforma-de-la-ley-organica-de-aduanas\\\/#primaryimage\"},\"thumbnailUrl\":\"https:\\\/\\\/venfort.com\\\/wp-content\\\/uploads\\\/2020\\\/03\\\/reforma-de-la-ley-organica-de-aduanas.jpg\",\"datePublished\":\"2020-03-05T12:00:00+00:00\",\"description\":\"En fecha 29 de enero de 2020, fue publicada en Gaceta Oficial N\u00b0 6.507 Extraordinario, la reforma de la Ley Org\u00e1nica de Aduanas.\",\"breadcrumb\":{\"@id\":\"https:\\\/\\\/venfort.com\\\/reforma-de-la-ley-organica-de-aduanas\\\/#breadcrumb\"},\"inLanguage\":\"zh-Hans\",\"potentialAction\":[{\"@type\":\"ReadAction\",\"target\":[\"https:\\\/\\\/venfort.com\\\/reforma-de-la-ley-organica-de-aduanas\\\/\"]}]},{\"@type\":\"ImageObject\",\"inLanguage\":\"zh-Hans\",\"@id\":\"https:\\\/\\\/venfort.com\\\/reforma-de-la-ley-organica-de-aduanas\\\/#primaryimage\",\"url\":\"https:\\\/\\\/venfort.com\\\/wp-content\\\/uploads\\\/2020\\\/03\\\/reforma-de-la-ley-organica-de-aduanas.jpg\",\"contentUrl\":\"https:\\\/\\\/venfort.com\\\/wp-content\\\/uploads\\\/2020\\\/03\\\/reforma-de-la-ley-organica-de-aduanas.jpg\",\"width\":1024,\"height\":512},{\"@type\":\"BreadcrumbList\",\"@id\":\"https:\\\/\\\/venfort.com\\\/reforma-de-la-ley-organica-de-aduanas\\\/#breadcrumb\",\"itemListElement\":[{\"@type\":\"ListItem\",\"position\":1,\"name\":\"Portada\",\"item\":\"https:\\\/\\\/venfort.com\\\/\"},{\"@type\":\"ListItem\",\"position\":2,\"name\":\"Sobre la reforma de la ley org\u00e1nica de aduanas\"}]},{\"@type\":\"WebSite\",\"@id\":\"https:\\\/\\\/venfort.com\\\/#website\",\"url\":\"https:\\\/\\\/venfort.com\\\/\",\"name\":\"Venfort\",\"description\":\"Firma de Abogados | Derecho Penal Econ\u00f3mico, Derecho Penal Internacional, Derecho de Empresas, Derecho Financiero, Derecho Administrativo, Derecho Civil y Sucesiones Internacionales\",\"publisher\":{\"@id\":\"https:\\\/\\\/venfort.com\\\/#organization\"},\"alternateName\":\"VENFORT\",\"potentialAction\":[{\"@type\":\"SearchAction\",\"target\":{\"@type\":\"EntryPoint\",\"urlTemplate\":\"https:\\\/\\\/venfort.com\\\/?s={search_term_string}\"},\"query-input\":{\"@type\":\"PropertyValueSpecification\",\"valueRequired\":true,\"valueName\":\"search_term_string\"}}],\"inLanguage\":\"zh-Hans\"},{\"@type\":\"Organization\",\"@id\":\"https:\\\/\\\/venfort.com\\\/#organization\",\"name\":\"Venfort Abogados\",\"alternateName\":\"VENFORT\",\"url\":\"https:\\\/\\\/venfort.com\\\/\",\"logo\":{\"@type\":\"ImageObject\",\"inLanguage\":\"zh-Hans\",\"@id\":\"https:\\\/\\\/venfort.com\\\/#\\\/schema\\\/logo\\\/image\\\/\",\"url\":\"https:\\\/\\\/venfort.com\\\/wp-content\\\/uploads\\\/2026\\\/03\\\/Logo_Venfort_Horizontal_Color.png\",\"contentUrl\":\"https:\\\/\\\/venfort.com\\\/wp-content\\\/uploads\\\/2026\\\/03\\\/Logo_Venfort_Horizontal_Color.png\",\"width\":1000,\"height\":237,\"caption\":\"Venfort Abogados\"},\"image\":{\"@id\":\"https:\\\/\\\/venfort.com\\\/#\\\/schema\\\/logo\\\/image\\\/\"},\"sameAs\":[\"https:\\\/\\\/www.facebook.com\\\/venfortyabogados\",\"https:\\\/\\\/x.com\\\/Venfortabogados\",\"https:\\\/\\\/www.linkedin.com\\\/company\\\/venfort-aldana-abogados\",\"https:\\\/\\\/www.instagram.com\\\/venfortabogados\"]},{\"@type\":\"Person\",\"@id\":\"https:\\\/\\\/venfort.com\\\/#\\\/schema\\\/person\\\/6c0e1de9015eb56bbbf307df50c9872e\",\"name\":\"VENFORT\",\"image\":{\"@type\":\"ImageObject\",\"inLanguage\":\"zh-Hans\",\"@id\":\"https:\\\/\\\/secure.gravatar.com\\\/avatar\\\/4d96769bd368e8f15c4aec9dce5b759ea0d3a49ad69242757e358a4ec75eba02?s=96&d=mm&r=g\",\"url\":\"https:\\\/\\\/secure.gravatar.com\\\/avatar\\\/4d96769bd368e8f15c4aec9dce5b759ea0d3a49ad69242757e358a4ec75eba02?s=96&d=mm&r=g\",\"contentUrl\":\"https:\\\/\\\/secure.gravatar.com\\\/avatar\\\/4d96769bd368e8f15c4aec9dce5b759ea0d3a49ad69242757e358a4ec75eba02?s=96&d=mm&r=g\",\"caption\":\"VENFORT\"},\"url\":\"https:\\\/\\\/venfort.com\\\/zh\\\/author\\\/venfortadmin\\\/\"}]}<\/script>\n<!-- \/ Yoast SEO plugin. -->","yoast_head_json":{"title":"\u6d77\u5173\u7ec4\u7ec7\u6cd5\u6539\u9769 - Alan Aldana &amp; Abogados","description":"2020\u5e741\u670829\u65e5\uff0c\u6d77\u5173\u7ec4\u7ec7\u6cd5\u6539\u9769\u516c\u5e03\u4e8e\u7b2c6.507\u53f7\u7279\u522b\u653f\u5e9c\u516c\u62a5\u3002.","robots":{"index":"index","follow":"follow","max-snippet":"max-snippet:-1","max-image-preview":"max-image-preview:large","max-video-preview":"max-video-preview:-1"},"canonical":"https:\/\/venfort.com\/zh\/\u6d77\u5173\u7ec4\u7ec7\u6cd5\u6539\u9769\/","og_locale":"zh_CN","og_type":"article","og_title":"Sobre la reforma de la ley org\u00e1nica de aduanas - Alan Aldana & Abogados","og_description":"En fecha 29 de enero de 2020, fue publicada en Gaceta Oficial N\u00b0 6.507 Extraordinario, la reforma de la Ley Org\u00e1nica de Aduanas.","og_url":"https:\/\/venfort.com\/zh\/\u6d77\u5173\u7ec4\u7ec7\u6cd5\u6539\u9769\/","og_site_name":"Venfort","article_publisher":"https:\/\/www.facebook.com\/venfortyabogados","article_published_time":"2020-03-05T12:00:00+00:00","og_image":[{"width":1024,"height":512,"url":"https:\/\/venfort.com\/wp-content\/uploads\/2020\/03\/reforma-de-la-ley-organica-de-aduanas.jpg","type":"image\/jpeg"}],"author":"VENFORT","twitter_card":"summary_large_image","twitter_creator":"@Venfortabogados","twitter_site":"@Venfortabogados","twitter_misc":{"\u4f5c\u8005":"VENFORT","\u9884\u8ba1\u9605\u8bfb\u65f6\u95f4":"2 \u5206"},"schema":{"@context":"https:\/\/schema.org","@graph":[{"@type":"Article","@id":"https:\/\/venfort.com\/reforma-de-la-ley-organica-de-aduanas\/#article","isPartOf":{"@id":"https:\/\/venfort.com\/reforma-de-la-ley-organica-de-aduanas\/"},"author":{"name":"VENFORT","@id":"https:\/\/venfort.com\/#\/schema\/person\/6c0e1de9015eb56bbbf307df50c9872e"},"headline":"Sobre la reforma de la ley org\u00e1nica de aduanas","datePublished":"2020-03-05T12:00:00+00:00","mainEntityOfPage":{"@id":"https:\/\/venfort.com\/reforma-de-la-ley-organica-de-aduanas\/"},"wordCount":476,"publisher":{"@id":"https:\/\/venfort.com\/#organization"},"image":{"@id":"https:\/\/venfort.com\/reforma-de-la-ley-organica-de-aduanas\/#primaryimage"},"thumbnailUrl":"https:\/\/venfort.com\/wp-content\/uploads\/2020\/03\/reforma-de-la-ley-organica-de-aduanas.jpg","keywords":["Aduanas","Ley Organica","Venezuela"],"articleSection":["Ejercicio Profesional"],"inLanguage":"zh-Hans"},{"@type":"WebPage","@id":"https:\/\/venfort.com\/reforma-de-la-ley-organica-de-aduanas\/","url":"https:\/\/venfort.com\/reforma-de-la-ley-organica-de-aduanas\/","name":"\u6d77\u5173\u7ec4\u7ec7\u6cd5\u6539\u9769 - Alan Aldana &amp; Abogados","isPartOf":{"@id":"https:\/\/venfort.com\/#website"},"primaryImageOfPage":{"@id":"https:\/\/venfort.com\/reforma-de-la-ley-organica-de-aduanas\/#primaryimage"},"image":{"@id":"https:\/\/venfort.com\/reforma-de-la-ley-organica-de-aduanas\/#primaryimage"},"thumbnailUrl":"https:\/\/venfort.com\/wp-content\/uploads\/2020\/03\/reforma-de-la-ley-organica-de-aduanas.jpg","datePublished":"2020-03-05T12:00:00+00:00","description":"2020\u5e741\u670829\u65e5\uff0c\u6d77\u5173\u7ec4\u7ec7\u6cd5\u6539\u9769\u516c\u5e03\u4e8e\u7b2c6.507\u53f7\u7279\u522b\u653f\u5e9c\u516c\u62a5\u3002.","breadcrumb":{"@id":"https:\/\/venfort.com\/reforma-de-la-ley-organica-de-aduanas\/#breadcrumb"},"inLanguage":"zh-Hans","potentialAction":[{"@type":"ReadAction","target":["https:\/\/venfort.com\/reforma-de-la-ley-organica-de-aduanas\/"]}]},{"@type":"ImageObject","inLanguage":"zh-Hans","@id":"https:\/\/venfort.com\/reforma-de-la-ley-organica-de-aduanas\/#primaryimage","url":"https:\/\/venfort.com\/wp-content\/uploads\/2020\/03\/reforma-de-la-ley-organica-de-aduanas.jpg","contentUrl":"https:\/\/venfort.com\/wp-content\/uploads\/2020\/03\/reforma-de-la-ley-organica-de-aduanas.jpg","width":1024,"height":512},{"@type":"BreadcrumbList","@id":"https:\/\/venfort.com\/reforma-de-la-ley-organica-de-aduanas\/#breadcrumb","itemListElement":[{"@type":"ListItem","position":1,"name":"Portada","item":"https:\/\/venfort.com\/"},{"@type":"ListItem","position":2,"name":"Sobre la reforma de la ley org\u00e1nica de aduanas"}]},{"@type":"WebSite","@id":"https:\/\/venfort.com\/#website","url":"https:\/\/venfort.com\/","name":"\u6587\u798f\u7279","description":"\u5f8b\u5e08\u4e8b\u52a1\u6240 : \u7ecf\u6d4e\u5211\u6cd5\u3001\u56fd\u9645\u5211\u6cd5\u3001\u516c\u53f8\u6cd5\u3001\u91d1\u878d\u6cd5\u3001\u884c\u653f\u6cd5\u3001\u6c11\u6cd5\u548c\u56fd\u9645\u7ee7\u627f\u6cd5","publisher":{"@id":"https:\/\/venfort.com\/#organization"},"alternateName":"VENFORT","potentialAction":[{"@type":"SearchAction","target":{"@type":"EntryPoint","urlTemplate":"https:\/\/venfort.com\/?s={search_term_string}"},"query-input":{"@type":"PropertyValueSpecification","valueRequired":true,"valueName":"search_term_string"}}],"inLanguage":"zh-Hans"},{"@type":"Organization","@id":"https:\/\/venfort.com\/#organization","name":"\u6587\u798f\u7279\u5f8b\u5e08\u4e8b\u52a1\u6240","alternateName":"VENFORT","url":"https:\/\/venfort.com\/","logo":{"@type":"ImageObject","inLanguage":"zh-Hans","@id":"https:\/\/venfort.com\/#\/schema\/logo\/image\/","url":"https:\/\/venfort.com\/wp-content\/uploads\/2026\/03\/Logo_Venfort_Horizontal_Color.png","contentUrl":"https:\/\/venfort.com\/wp-content\/uploads\/2026\/03\/Logo_Venfort_Horizontal_Color.png","width":1000,"height":237,"caption":"Venfort Abogados"},"image":{"@id":"https:\/\/venfort.com\/#\/schema\/logo\/image\/"},"sameAs":["https:\/\/www.facebook.com\/venfortyabogados","https:\/\/x.com\/Venfortabogados","https:\/\/www.linkedin.com\/company\/venfort-aldana-abogados","https:\/\/www.instagram.com\/venfortabogados"]},{"@type":"Person","@id":"https:\/\/venfort.com\/#\/schema\/person\/6c0e1de9015eb56bbbf307df50c9872e","name":"\u6587\u798f\u7279","image":{"@type":"ImageObject","inLanguage":"zh-Hans","@id":"https:\/\/secure.gravatar.com\/avatar\/4d96769bd368e8f15c4aec9dce5b759ea0d3a49ad69242757e358a4ec75eba02?s=96&d=mm&r=g","url":"https:\/\/secure.gravatar.com\/avatar\/4d96769bd368e8f15c4aec9dce5b759ea0d3a49ad69242757e358a4ec75eba02?s=96&d=mm&r=g","contentUrl":"https:\/\/secure.gravatar.com\/avatar\/4d96769bd368e8f15c4aec9dce5b759ea0d3a49ad69242757e358a4ec75eba02?s=96&d=mm&r=g","caption":"VENFORT"},"url":"https:\/\/venfort.com\/zh\/author\/venfortadmin\/"}]}},"_links":{"self":[{"href":"https:\/\/venfort.com\/zh\/wp-json\/wp\/v2\/posts\/2509","targetHints":{"allow":["GET"]}}],"collection":[{"href":"https:\/\/venfort.com\/zh\/wp-json\/wp\/v2\/posts"}],"about":[{"href":"https:\/\/venfort.com\/zh\/wp-json\/wp\/v2\/types\/post"}],"author":[{"embeddable":true,"href":"https:\/\/venfort.com\/zh\/wp-json\/wp\/v2\/users\/1"}],"replies":[{"embeddable":true,"href":"https:\/\/venfort.com\/zh\/wp-json\/wp\/v2\/comments?post=2509"}],"version-history":[{"count":0,"href":"https:\/\/venfort.com\/zh\/wp-json\/wp\/v2\/posts\/2509\/revisions"}],"wp:featuredmedia":[{"embeddable":true,"href":"https:\/\/venfort.com\/zh\/wp-json\/wp\/v2\/media\/2510"}],"wp:attachment":[{"href":"https:\/\/venfort.com\/zh\/wp-json\/wp\/v2\/media?parent=2509"}],"wp:term":[{"taxonomy":"category","embeddable":true,"href":"https:\/\/venfort.com\/zh\/wp-json\/wp\/v2\/categories?post=2509"},{"taxonomy":"post_tag","embeddable":true,"href":"https:\/\/venfort.com\/zh\/wp-json\/wp\/v2\/tags?post=2509"}],"curies":[{"name":"wp","href":"https:\/\/api.w.org\/{rel}","templated":true}]}}